{"id":4075,"date":"2026-09-01T12:15:27","date_gmt":"2026-09-01T15:15:27","guid":{"rendered":"https:\/\/www.sistemagestaoescolar.com.br\/blogbravo\/?p=4075"},"modified":"2026-09-01T12:44:44","modified_gmt":"2026-09-01T15:44:44","slug":"censo-escolar-2026-abre-periodo-para-consulta-dos-dados-declarados","status":"publish","type":"post","link":"https:\/\/www.sistemagestaoescolar.com.br\/blogbravo\/arquivos\/4075","title":{"rendered":"Censo Escolar 2026 abre per\u00edodo para consulta dos dados declarados"},"content":{"rendered":"\n<p><em>Institui\u00e7\u00f5es de ensino podem conferir as informa\u00e7\u00f5es no Educacenso entre 31 de agosto e 11 de setembro<\/em><\/p>\n\n\n\n<figure class=\"wp-block-image size-large\"><img decoding=\"async\" loading=\"lazy\" width=\"1024\" height=\"576\" src=\"https:\/\/www.sistemagestaoescolar.com.br\/blogbravo\/wp-content\/uploads\/2026\/09\/WhatsApp-Image-2026-09-01-at-11.46.51-1024x576.jpeg\" alt=\"\" class=\"wp-image-4076\" srcset=\"https:\/\/www.sistemagestaoescolar.com.br\/blogbravo\/wp-content\/uploads\/2026\/09\/WhatsApp-Image-2026-09-01-at-11.46.51-1024x576.jpeg 1024w, https:\/\/www.sistemagestaoescolar.com.br\/blogbravo\/wp-content\/uploads\/2026\/09\/WhatsApp-Image-2026-09-01-at-11.46.51-300x169.jpeg 300w, https:\/\/www.sistemagestaoescolar.com.br\/blogbravo\/wp-content\/uploads\/2026\/09\/WhatsApp-Image-2026-09-01-at-11.46.51-768x432.jpeg 768w, https:\/\/www.sistemagestaoescolar.com.br\/blogbravo\/wp-content\/uploads\/2026\/09\/WhatsApp-Image-2026-09-01-at-11.46.51-1536x864.jpeg 1536w, https:\/\/www.sistemagestaoescolar.com.br\/blogbravo\/wp-content\/uploads\/2026\/09\/WhatsApp-Image-2026-09-01-at-11.46.51.jpeg 1600w\" sizes=\"(max-width: 1024px) 100vw, 1024px\" \/><\/figure>\n\n\n\n<p>O per\u00edodo para consulta dos dados declarados no Censo Escolar 2026 est\u00e1 dispon\u00edvel. Entre 31 de agosto e 11 de setembro, as institui\u00e7\u00f5es de ensino poder\u00e3o acessar o Sistema Educacenso para verificar as informa\u00e7\u00f5es prestadas e analisar os relat\u00f3rios dispon\u00edveis.<\/p>\n\n\n\n<p>A confer\u00eancia permite que escolas e redes de ensino identifiquem antecipadamente poss\u00edveis inconsist\u00eancias nos registros. A orienta\u00e7\u00e3o \u00e9 verificar cuidadosamente os dados cadastrados, incluindo as informa\u00e7\u00f5es relacionadas \u00e0s matr\u00edculas, turmas, profissionais e \u00e0 estrutura das unidades escolares.<\/p>\n\n\n\n<p>Esse trabalho pr\u00e9vio tamb\u00e9m ajuda as institui\u00e7\u00f5es a se organizarem para eventuais altera\u00e7\u00f5es durante o per\u00edodo de retifica\u00e7\u00e3o. Com as inconsist\u00eancias previamente identificadas, o processo de corre\u00e7\u00e3o poder\u00e1 ser realizado de maneira mais \u00e1gil e precisa.<\/p>\n\n\n\n<p>A recomenda\u00e7\u00e3o \u00e9 que a consulta n\u00e3o seja deixada para os \u00faltimos dias. O acesso deve ser feito diretamente pelo Educacenso, sistema utilizado para a declara\u00e7\u00e3o e o acompanhamento das informa\u00e7\u00f5es do Censo Escolar.<\/p>\n","protected":false},"excerpt":{"rendered":"<p>Institui\u00e7\u00f5es de ensino podem conferir as informa\u00e7\u00f5es no Educacenso entre 31 de agosto e 11 de setembro O per\u00edodo para consulta dos dados declarados no Censo Escolar 2026 est\u00e1 dispon\u00edvel. Entre 31 de agosto e 11 de setembro, as institui\u00e7\u00f5es de ensino poder\u00e3o acessar o Sistema Educacenso para verificar as informa\u00e7\u00f5es prestadas e analisar os [&hellip;]<\/p>\n","protected":false},"author":1,"featured_media":4076,"comment_status":"closed","ping_status":"open","sticky":false,"template":"","format":"standard","meta":[],"categories":[33],"tags":[],"_links":{"self":[{"href":"https:\/\/www.sistemagestaoescolar.com.br\/blogbravo\/wp-json\/wp\/v2\/posts\/4075"}],"collection":[{"href":"https:\/\/www.sistemagestaoescolar.com.br\/blogbravo\/wp-json\/wp\/v2\/posts"}],"about":[{"href":"https:\/\/www.sistemagestaoescolar.com.br\/blogbravo\/wp-json\/wp\/v2\/types\/post"}],"author":[{"embeddable":true,"href":"https:\/\/www.sistemagestaoescolar.com.br\/blogbravo\/wp-json\/wp\/v2\/users\/1"}],"replies":[{"embeddable":true,"href":"https:\/\/www.sistemagestaoescolar.com.br\/blogbravo\/wp-json\/wp\/v2\/comments?post=4075"}],"version-history":[{"count":1,"href":"https:\/\/www.sistemagestaoescolar.com.br\/blogbravo\/wp-json\/wp\/v2\/posts\/4075\/revisions"}],"predecessor-version":[{"id":4077,"href":"https:\/\/www.sistemagestaoescolar.com.br\/blogbravo\/wp-json\/wp\/v2\/posts\/4075\/revisions\/4077"}],"wp:featuredmedia":[{"embeddable":true,"href":"https:\/\/www.sistemagestaoescolar.com.br\/blogbravo\/wp-json\/wp\/v2\/media\/4076"}],"wp:attachment":[{"href":"https:\/\/www.sistemagestaoescolar.com.br\/blogbravo\/wp-json\/wp\/v2\/media?parent=4075"}],"wp:term":[{"taxonomy":"category","embeddable":true,"href":"https:\/\/www.sistemagestaoescolar.com.br\/blogbravo\/wp-json\/wp\/v2\/categories?post=4075"},{"taxonomy":"post_tag","embeddable":true,"href":"https:\/\/www.sistemagestaoescolar.com.br\/blogbravo\/wp-json\/wp\/v2\/tags?post=4075"}],"curies":[{"name":"wp","href":"https:\/\/api.w.org\/{rel}","templated":true}]}}