{"id":4049,"date":"2026-09-01T11:31:13","date_gmt":"2026-09-01T14:31:13","guid":{"rendered":"https:\/\/www.sistemagestaoescolar.com.br\/blogbravo\/?p=4049"},"modified":"2026-09-01T11:46:13","modified_gmt":"2026-09-01T14:46:13","slug":"nova-area-do-monitor-no-sge-bravo-centraliza-rotinas-pedagogicas-em-um-unico-painel","status":"publish","type":"post","link":"https:\/\/www.sistemagestaoescolar.com.br\/blogbravo\/arquivos\/4049","title":{"rendered":"Nova \u00e1rea do Monitor no SGE Bravo centraliza rotinas pedag\u00f3gicas em um \u00fanico painel"},"content":{"rendered":"\n<p>Ferramenta re\u00fane registros de conte\u00fados, pareceres, frequ\u00eancia e notas e orienta o usu\u00e1rio a conferir escola, turma, ambiente\/eixo e per\u00edodo letivo antes de salvar informa\u00e7\u00f5es<\/p>\n\n\n\n<figure class=\"wp-block-image size-large\"><img decoding=\"async\" loading=\"lazy\" width=\"1024\" height=\"576\" src=\"https:\/\/www.sistemagestaoescolar.com.br\/blogbravo\/wp-content\/uploads\/2026\/09\/ChatGPT-Image-1-de-set.-de-2026-11_29_59-1024x576.png\" alt=\"\" class=\"wp-image-4073\" srcset=\"https:\/\/www.sistemagestaoescolar.com.br\/blogbravo\/wp-content\/uploads\/2026\/09\/ChatGPT-Image-1-de-set.-de-2026-11_29_59-1024x576.png 1024w, https:\/\/www.sistemagestaoescolar.com.br\/blogbravo\/wp-content\/uploads\/2026\/09\/ChatGPT-Image-1-de-set.-de-2026-11_29_59-300x169.png 300w, https:\/\/www.sistemagestaoescolar.com.br\/blogbravo\/wp-content\/uploads\/2026\/09\/ChatGPT-Image-1-de-set.-de-2026-11_29_59-768x432.png 768w, https:\/\/www.sistemagestaoescolar.com.br\/blogbravo\/wp-content\/uploads\/2026\/09\/ChatGPT-Image-1-de-set.-de-2026-11_29_59-1536x864.png 1536w, https:\/\/www.sistemagestaoescolar.com.br\/blogbravo\/wp-content\/uploads\/2026\/09\/ChatGPT-Image-1-de-set.-de-2026-11_29_59.png 1672w\" sizes=\"(max-width: 1024px) 100vw, 1024px\" \/><\/figure>\n\n\n\n<p>A nova \u00e1rea do Monitor no SGE Bravo re\u00fane, em um mesmo ambiente, as principais rotinas de acompanhamento pedag\u00f3gico realizadas por monitores e colaboradores. Conforme o manual de utiliza\u00e7\u00e3o elaborado pela Bravo Sistemas, o painel d\u00e1 acesso aos registros de conte\u00fados trabalhados, pareceres dos alunos, frequ\u00eancia e notas, sempre de acordo com os v\u00ednculos de escola, turma e ambiente ou eixo dispon\u00edveis para cada usu\u00e1rio.<\/p>\n\n\n\n<p>A organiza\u00e7\u00e3o segue um fluxo simples: escolher o v\u00ednculo correto, acessar a atividade desejada, preencher ou consultar os dados e conferir se o registro foi salvo. O documento refor\u00e7a que, antes de qualquer lan\u00e7amento, o monitor deve verificar a escola, a turma, o ambiente ou eixo e o per\u00edodo letivo selecionados.<\/p>\n\n\n\n<h1 class=\"wp-block-heading\">Painel re\u00fane atalhos para as principais tarefas<\/h1>\n\n\n\n<p>Na p\u00e1gina inicial, o Painel do Colaborador apresenta orienta\u00e7\u00f5es sobre as responsabilidades do monitor e re\u00fane atalhos para os recursos mais utilizados. Pelo menu superior, tamb\u00e9m \u00e9 poss\u00edvel acessar In\u00edcio, Conte\u00fado Ambientes, Pareceres Aluno, Frequ\u00eancia dos Alunos e Notas.<\/p>\n\n\n\n<p>O painel ainda exibe os ambientes vinculados ao profissional e resume a sequ\u00eancia recomendada de trabalho. A proposta \u00e9 permitir que o usu\u00e1rio comece pelo ambiente ou turma em que atua e avance pelos registros de conte\u00fado, parecer e frequ\u00eancia sem perder de vista o v\u00ednculo selecionado.<\/p>\n\n\n<div class=\"wp-block-image\">\n<figure class=\"aligncenter size-full\"><img decoding=\"async\" loading=\"lazy\" width=\"632\" height=\"748\" src=\"https:\/\/www.sistemagestaoescolar.com.br\/blogbravo\/wp-content\/uploads\/2026\/09\/01-1.png\" alt=\"\" class=\"wp-image-4065\" srcset=\"https:\/\/www.sistemagestaoescolar.com.br\/blogbravo\/wp-content\/uploads\/2026\/09\/01-1.png 632w, https:\/\/www.sistemagestaoescolar.com.br\/blogbravo\/wp-content\/uploads\/2026\/09\/01-1-253x300.png 253w\" sizes=\"(max-width: 632px) 100vw, 632px\" \/><\/figure><\/div>\n\n\n<h1 class=\"wp-block-heading\">Registro de conte\u00fados come\u00e7a pela escolha do v\u00ednculo<\/h1>\n\n\n\n<p>Na \u00e1rea Conte\u00fado Ambientes, o sistema lista os v\u00ednculos dispon\u00edveis por escola, turma e ambiente ou eixo. A tela conta com busca, sele\u00e7\u00e3o da quantidade de registros por p\u00e1gina e pagina\u00e7\u00e3o. Depois de localizar o v\u00ednculo desejado e conferir os dados exibidos, o monitor deve clicar em Gerenciar.<\/p>\n\n\n<div class=\"wp-block-image\">\n<figure class=\"aligncenter size-full\"><img decoding=\"async\" loading=\"lazy\" width=\"630\" height=\"487\" src=\"https:\/\/www.sistemagestaoescolar.com.br\/blogbravo\/wp-content\/uploads\/2026\/09\/02-1.png\" alt=\"\" class=\"wp-image-4066\" srcset=\"https:\/\/www.sistemagestaoescolar.com.br\/blogbravo\/wp-content\/uploads\/2026\/09\/02-1.png 630w, https:\/\/www.sistemagestaoescolar.com.br\/blogbravo\/wp-content\/uploads\/2026\/09\/02-1-300x232.png 300w\" sizes=\"(max-width: 630px) 100vw, 630px\" \/><\/figure><\/div>\n\n\n<p>A tela seguinte mostra os conte\u00fados j\u00e1 cadastrados para a turma e o ambiente escolhidos. Os registros s\u00e3o organizados por datas de in\u00edcio e fim, unidade ou trimestre, n\u00famero de aulas e ambiente ou eixo. Nessa etapa, o usu\u00e1rio pode adicionar um novo conte\u00fado e, conforme as permiss\u00f5es dispon\u00edveis, editar, excluir ou migrar um registro existente.<\/p>\n\n\n<div class=\"wp-block-image\">\n<figure class=\"aligncenter size-full\"><img decoding=\"async\" loading=\"lazy\" width=\"613\" height=\"491\" src=\"https:\/\/www.sistemagestaoescolar.com.br\/blogbravo\/wp-content\/uploads\/2026\/09\/03-1.png\" alt=\"\" class=\"wp-image-4067\" srcset=\"https:\/\/www.sistemagestaoescolar.com.br\/blogbravo\/wp-content\/uploads\/2026\/09\/03-1.png 613w, https:\/\/www.sistemagestaoescolar.com.br\/blogbravo\/wp-content\/uploads\/2026\/09\/03-1-300x240.png 300w\" sizes=\"(max-width: 613px) 100vw, 613px\" \/><\/figure><\/div>\n\n\n<p>No formul\u00e1rio de inclus\u00e3o, devem ser informados a data de in\u00edcio, a data de encerramento, a unidade ou trimestre e o n\u00famero de aulas. O registro tamb\u00e9m re\u00fane campos para metodologia, instrumento avaliativo, observa\u00e7\u00f5es e objeto do conhecimento. Antes de confirmar, a orienta\u00e7\u00e3o \u00e9 revisar todas as informa\u00e7\u00f5es, principalmente datas, per\u00edodo letivo e quantidade de aulas.<\/p>\n\n\n<div class=\"wp-block-image\">\n<figure class=\"aligncenter size-full\"><img decoding=\"async\" loading=\"lazy\" width=\"440\" height=\"729\" src=\"https:\/\/www.sistemagestaoescolar.com.br\/blogbravo\/wp-content\/uploads\/2026\/09\/04.png\" alt=\"\" class=\"wp-image-4054\" srcset=\"https:\/\/www.sistemagestaoescolar.com.br\/blogbravo\/wp-content\/uploads\/2026\/09\/04.png 440w, https:\/\/www.sistemagestaoescolar.com.br\/blogbravo\/wp-content\/uploads\/2026\/09\/04-181x300.png 181w\" sizes=\"(max-width: 440px) 100vw, 440px\" \/><\/figure><\/div>\n\n\n<h1 class=\"wp-block-heading\">Migra\u00e7\u00e3o permite reaproveitar o planejamento<\/h1>\n\n\n\n<p>Quando o mesmo planejamento \u00e9 aplicado em turmas diferentes, a fun\u00e7\u00e3o Migrar Conte\u00fado permite copiar um registro j\u00e1 realizado. O monitor seleciona a turma de destino, confere ou ajusta as datas de in\u00edcio e fim e confirma a migra\u00e7\u00e3o. Ap\u00f3s o procedimento, o manual recomenda acessar a turma que recebeu o conte\u00fado para verificar se o registro foi inclu\u00eddo corretamente.<\/p>\n\n\n<div class=\"wp-block-image\">\n<figure class=\"aligncenter size-full\"><img decoding=\"async\" loading=\"lazy\" width=\"615\" height=\"454\" src=\"https:\/\/www.sistemagestaoescolar.com.br\/blogbravo\/wp-content\/uploads\/2026\/09\/05.png\" alt=\"\" class=\"wp-image-4055\" srcset=\"https:\/\/www.sistemagestaoescolar.com.br\/blogbravo\/wp-content\/uploads\/2026\/09\/05.png 615w, https:\/\/www.sistemagestaoescolar.com.br\/blogbravo\/wp-content\/uploads\/2026\/09\/05-300x221.png 300w\" sizes=\"(max-width: 615px) 100vw, 615px\" \/><\/figure><\/div>\n\n\n<h1 class=\"wp-block-heading\">Pareceres s\u00e3o registrados individualmente<\/h1>\n\n\n\n<p>A \u00e1rea Pareceres Aluno tamb\u00e9m come\u00e7a pela sele\u00e7\u00e3o do v\u00ednculo. A listagem identifica escola, turma e ambiente ou eixo e oferece ferramentas de busca e pagina\u00e7\u00e3o. Ao clicar em Gerenciar, o usu\u00e1rio abre a rela\u00e7\u00e3o de estudantes da turma escolhida.<\/p>\n\n\n<div class=\"wp-block-image\">\n<figure class=\"aligncenter size-full\"><img decoding=\"async\" loading=\"lazy\" width=\"599\" height=\"470\" src=\"https:\/\/www.sistemagestaoescolar.com.br\/blogbravo\/wp-content\/uploads\/2026\/09\/06-1.png\" alt=\"\" class=\"wp-image-4068\" srcset=\"https:\/\/www.sistemagestaoescolar.com.br\/blogbravo\/wp-content\/uploads\/2026\/09\/06-1.png 599w, https:\/\/www.sistemagestaoescolar.com.br\/blogbravo\/wp-content\/uploads\/2026\/09\/06-1-300x235.png 300w\" sizes=\"(max-width: 599px) 100vw, 599px\" \/><\/figure><\/div>\n\n\n<p>Na lista de estudantes, aparecem dados como matr\u00edcula, c\u00f3digo do Inep, quando dispon\u00edvel, e nome do aluno. Cada linha possui um bot\u00e3o pr\u00f3prio para acessar o parecer. A confer\u00eancia do estudante selecionado \u00e9 uma etapa importante para evitar que uma avalia\u00e7\u00e3o seja registrada no cadastro incorreto.<\/p>\n\n\n<div class=\"wp-block-image\">\n<figure class=\"aligncenter size-full\"><img decoding=\"async\" loading=\"lazy\" width=\"626\" height=\"521\" src=\"https:\/\/www.sistemagestaoescolar.com.br\/blogbravo\/wp-content\/uploads\/2026\/09\/07-1.png\" alt=\"\" class=\"wp-image-4069\" srcset=\"https:\/\/www.sistemagestaoescolar.com.br\/blogbravo\/wp-content\/uploads\/2026\/09\/07-1.png 626w, https:\/\/www.sistemagestaoescolar.com.br\/blogbravo\/wp-content\/uploads\/2026\/09\/07-1-300x250.png 300w\" sizes=\"(max-width: 626px) 100vw, 626px\" \/><\/figure><\/div>\n\n\n<p>O parecer descritivo deve ser associado ao per\u00edodo letivo correspondente. O campo de texto \u00e9 destinado ao registro individualizado sobre desempenho, participa\u00e7\u00e3o, avan\u00e7os e aspectos que precisam de acompanhamento. Segundo o manual, o conte\u00fado deve ser claro e objetivo e precisa ser revisado antes de o usu\u00e1rio clicar em Salvar.<\/p>\n\n\n<div class=\"wp-block-image\">\n<figure class=\"aligncenter size-full\"><img decoding=\"async\" loading=\"lazy\" width=\"639\" height=\"427\" src=\"https:\/\/www.sistemagestaoescolar.com.br\/blogbravo\/wp-content\/uploads\/2026\/09\/08.png\" alt=\"\" class=\"wp-image-4058\" srcset=\"https:\/\/www.sistemagestaoescolar.com.br\/blogbravo\/wp-content\/uploads\/2026\/09\/08.png 639w, https:\/\/www.sistemagestaoescolar.com.br\/blogbravo\/wp-content\/uploads\/2026\/09\/08-300x200.png 300w\" sizes=\"(max-width: 639px) 100vw, 639px\" \/><\/figure><\/div>\n\n\n<h1 class=\"wp-block-heading\">Frequ\u00eancia \u00e9 organizada por turma, ambiente e data<\/h1>\n\n\n\n<p>Para acompanhar a presen\u00e7a dos alunos, o monitor seleciona inicialmente a escola, a turma e o ambiente ou eixo. O bot\u00e3o Acessar conduz ao calend\u00e1rio do v\u00ednculo escolhido, enquanto os recursos de localiza\u00e7\u00e3o e quantidade por p\u00e1gina ajudam a encontrar um registro espec\u00edfico.<\/p>\n\n\n<div class=\"wp-block-image\">\n<figure class=\"aligncenter size-full\"><img decoding=\"async\" loading=\"lazy\" width=\"604\" height=\"493\" src=\"https:\/\/www.sistemagestaoescolar.com.br\/blogbravo\/wp-content\/uploads\/2026\/09\/09-1.png\" alt=\"\" class=\"wp-image-4070\" srcset=\"https:\/\/www.sistemagestaoescolar.com.br\/blogbravo\/wp-content\/uploads\/2026\/09\/09-1.png 604w, https:\/\/www.sistemagestaoescolar.com.br\/blogbravo\/wp-content\/uploads\/2026\/09\/09-1-300x245.png 300w\" sizes=\"(max-width: 604px) 100vw, 604px\" \/><\/figure><\/div>\n\n\n<p>No calend\u00e1rio, \u00e9 poss\u00edvel navegar entre os per\u00edodos, retornar \u00e0 data atual e alternar a visualiza\u00e7\u00e3o por m\u00eas, semana ou dia. Depois de chegar ao m\u00eas desejado, o usu\u00e1rio deve identificar e selecionar a data da atividade para acessar o registro de presen\u00e7a. A orienta\u00e7\u00e3o \u00e9 conferir com aten\u00e7\u00e3o o dia escolhido antes de lan\u00e7ar a frequ\u00eancia.<\/p>\n\n\n<div class=\"wp-block-image\">\n<figure class=\"aligncenter size-full\"><img decoding=\"async\" loading=\"lazy\" width=\"641\" height=\"503\" src=\"https:\/\/www.sistemagestaoescolar.com.br\/blogbravo\/wp-content\/uploads\/2026\/09\/10.png\" alt=\"\" class=\"wp-image-4060\" srcset=\"https:\/\/www.sistemagestaoescolar.com.br\/blogbravo\/wp-content\/uploads\/2026\/09\/10.png 641w, https:\/\/www.sistemagestaoescolar.com.br\/blogbravo\/wp-content\/uploads\/2026\/09\/10-300x235.png 300w\" sizes=\"(max-width: 641px) 100vw, 641px\" \/><\/figure><\/div>\n\n\n<h1 class=\"wp-block-heading\">Lan\u00e7amento de notas depende de turma, ambiente e unidade aberta<\/h1>\n\n\n\n<p>Ao entrar na \u00e1rea Notas, o sistema solicita a escolha da escola e da turma. O monitor seleciona uma das turmas dispon\u00edveis, confere os dados e confirma a op\u00e7\u00e3o. Caso a sele\u00e7\u00e3o n\u00e3o esteja correta, a janela pode ser fechada sem altera\u00e7\u00e3o.<\/p>\n\n\n<div class=\"wp-block-image\">\n<figure class=\"aligncenter size-full\"><img decoding=\"async\" loading=\"lazy\" width=\"649\" height=\"430\" src=\"https:\/\/www.sistemagestaoescolar.com.br\/blogbravo\/wp-content\/uploads\/2026\/09\/11-1.png\" alt=\"\" class=\"wp-image-4062\" srcset=\"https:\/\/www.sistemagestaoescolar.com.br\/blogbravo\/wp-content\/uploads\/2026\/09\/11-1.png 649w, https:\/\/www.sistemagestaoescolar.com.br\/blogbravo\/wp-content\/uploads\/2026\/09\/11-1-300x199.png 300w\" sizes=\"(max-width: 649px) 100vw, 649px\" \/><\/figure><\/div>\n\n\n<p>Depois da confirma\u00e7\u00e3o, s\u00e3o exibidos os ambientes vinculados \u00e0 turma. A faixa de identifica\u00e7\u00e3o no topo ajuda a conferir a escola e a turma em uso, enquanto a op\u00e7\u00e3o Trocar Turma permite refazer a escolha. Para avan\u00e7ar, o monitor localiza o componente desejado e clica em Lan\u00e7ar Notas.<\/p>\n\n\n<div class=\"wp-block-image\">\n<figure class=\"aligncenter size-full\"><img decoding=\"async\" loading=\"lazy\" width=\"662\" height=\"326\" src=\"https:\/\/www.sistemagestaoescolar.com.br\/blogbravo\/wp-content\/uploads\/2026\/09\/12-1.png\" alt=\"\" class=\"wp-image-4071\" srcset=\"https:\/\/www.sistemagestaoescolar.com.br\/blogbravo\/wp-content\/uploads\/2026\/09\/12-1.png 662w, https:\/\/www.sistemagestaoescolar.com.br\/blogbravo\/wp-content\/uploads\/2026\/09\/12-1-300x148.png 300w\" sizes=\"(max-width: 662px) 100vw, 662px\" \/><\/figure><\/div>\n\n\n<p>A planilha de avalia\u00e7\u00f5es organiza os estudantes e os campos de notas por unidade. As abas indicam a primeira, a segunda e a terceira unidade, al\u00e9m de informar se cada per\u00edodo est\u00e1 aberto ou fechado para lan\u00e7amento. O sistema apresenta campos para AV1, AV2, AV3, AV4, recupera\u00e7\u00e3o, quando aplic\u00e1vel, e m\u00e9dia.<\/p>\n\n\n\n<p>O preenchimento deve ser feito apenas na unidade aberta. Ap\u00f3s digitar as avalia\u00e7\u00f5es e conferir a m\u00e9dia apresentada, o usu\u00e1rio precisa acionar o \u00edcone de salvar na linha de cada aluno. O procedimento deve ser repetido para os demais estudantes e per\u00edodos dispon\u00edveis.<\/p>\n\n\n<div class=\"wp-block-image\">\n<figure class=\"aligncenter size-full\"><img decoding=\"async\" loading=\"lazy\" width=\"614\" height=\"542\" src=\"https:\/\/www.sistemagestaoescolar.com.br\/blogbravo\/wp-content\/uploads\/2026\/09\/13-1.png\" alt=\"\" class=\"wp-image-4072\" srcset=\"https:\/\/www.sistemagestaoescolar.com.br\/blogbravo\/wp-content\/uploads\/2026\/09\/13-1.png 614w, https:\/\/www.sistemagestaoescolar.com.br\/blogbravo\/wp-content\/uploads\/2026\/09\/13-1-300x265.png 300w\" sizes=\"(max-width: 614px) 100vw, 614px\" \/><\/figure><\/div>\n\n\n<h1 class=\"wp-block-heading\">Confer\u00eancia final \u00e9 parte do procedimento<\/h1>\n\n\n\n<p>Em todas as \u00e1reas, a confer\u00eancia dos dados aparece como uma etapa essencial. Escola, turma, ambiente ou eixo e per\u00edodo letivo devem ser revisados antes de qualquer lan\u00e7amento. Para conte\u00fados, tamb\u00e9m \u00e9 necess\u00e1rio verificar datas e n\u00famero de aulas; nos pareceres, o texto deve ser individualizado; na frequ\u00eancia, a data da atividade precisa estar correta; e, nas notas, \u00e9 preciso observar se a unidade est\u00e1 aberta e salvar os dados de cada estudante.<\/p>\n\n\n\n<p>Com a centraliza\u00e7\u00e3o dessas tarefas, a nova \u00e1rea do Monitor organiza o fluxo de registros pedag\u00f3gicos em etapas identific\u00e1veis. O uso adequado depende, no entanto, da aten\u00e7\u00e3o do profissional aos v\u00ednculos selecionados e da confirma\u00e7\u00e3o de que cada informa\u00e7\u00e3o foi gravada no cadastro correspondente.<\/p>\n\n\n\n<p><strong>Fonte: <\/strong>Manual de Utiliza\u00e7\u00e3o &#8211; Nova \u00c1rea do Monitor &#8211; SGE Bravo, Bravo Sistemas, Brumado (BA).<\/p>\n","protected":false},"excerpt":{"rendered":"<p>Ferramenta re\u00fane registros de conte\u00fados, pareceres, frequ\u00eancia e notas e orienta o usu\u00e1rio a conferir escola, turma, ambiente\/eixo e per\u00edodo letivo antes de salvar informa\u00e7\u00f5es A nova \u00e1rea do Monitor no SGE Bravo re\u00fane, em um mesmo ambiente, as principais rotinas de acompanhamento pedag\u00f3gico realizadas por monitores e colaboradores. Conforme o manual de utiliza\u00e7\u00e3o elaborado [&hellip;]<\/p>\n","protected":false},"author":1,"featured_media":4073,"comment_status":"closed","ping_status":"open","sticky":false,"template":"","format":"standard","meta":[],"categories":[22],"tags":[],"_links":{"self":[{"href":"https:\/\/www.sistemagestaoescolar.com.br\/blogbravo\/wp-json\/wp\/v2\/posts\/4049"}],"collection":[{"href":"https:\/\/www.sistemagestaoescolar.com.br\/blogbravo\/wp-json\/wp\/v2\/posts"}],"about":[{"href":"https:\/\/www.sistemagestaoescolar.com.br\/blogbravo\/wp-json\/wp\/v2\/types\/post"}],"author":[{"embeddable":true,"href":"https:\/\/www.sistemagestaoescolar.com.br\/blogbravo\/wp-json\/wp\/v2\/users\/1"}],"replies":[{"embeddable":true,"href":"https:\/\/www.sistemagestaoescolar.com.br\/blogbravo\/wp-json\/wp\/v2\/comments?post=4049"}],"version-history":[{"count":1,"href":"https:\/\/www.sistemagestaoescolar.com.br\/blogbravo\/wp-json\/wp\/v2\/posts\/4049\/revisions"}],"predecessor-version":[{"id":4074,"href":"https:\/\/www.sistemagestaoescolar.com.br\/blogbravo\/wp-json\/wp\/v2\/posts\/4049\/revisions\/4074"}],"wp:featuredmedia":[{"embeddable":true,"href":"https:\/\/www.sistemagestaoescolar.com.br\/blogbravo\/wp-json\/wp\/v2\/media\/4073"}],"wp:attachment":[{"href":"https:\/\/www.sistemagestaoescolar.com.br\/blogbravo\/wp-json\/wp\/v2\/media?parent=4049"}],"wp:term":[{"taxonomy":"category","embeddable":true,"href":"https:\/\/www.sistemagestaoescolar.com.br\/blogbravo\/wp-json\/wp\/v2\/categories?post=4049"},{"taxonomy":"post_tag","embeddable":true,"href":"https:\/\/www.sistemagestaoescolar.com.br\/blogbravo\/wp-json\/wp\/v2\/tags?post=4049"}],"curies":[{"name":"wp","href":"https:\/\/api.w.org\/{rel}","templated":true}]}}