{"id":3676,"date":"2026-04-23T10:40:00","date_gmt":"2026-04-23T13:40:00","guid":{"rendered":"https:\/\/www.sistemagestaoescolar.com.br\/blogbravo\/?p=3676"},"modified":"2026-04-23T10:40:00","modified_gmt":"2026-04-23T13:40:00","slug":"como-informar-a-deficiencia-do-aluno","status":"publish","type":"post","link":"https:\/\/www.sistemagestaoescolar.com.br\/blogbravo\/arquivos\/3676","title":{"rendered":"Como informar a defici\u00eancia do aluno"},"content":{"rendered":"\n<p>Ol\u00e1, caro Gestor. Seja bem-vindo(a) ao SGE Bravo!<\/p>\n\n\n\n<p>Garantir o registro correto dos alunos com defici\u00eancia no sistema n\u00e3o \u00e9 apenas uma exig\u00eancia administrativa, \u00e9 um compromisso com a inclus\u00e3o, a equidade e a qualidade da educa\u00e7\u00e3o.<\/p>\n\n\n\n<p>Ao informar esses dados de forma precisa no SGE Bravo, o munic\u00edpio fortalece o planejamento pedag\u00f3gico, assegura o acesso a recursos adequados, contribui para pol\u00edticas p\u00fablicas mais eficazes e atende \u00e0s exig\u00eancias do censo escolar.<\/p>\n\n\n\n<p>Cada informa\u00e7\u00e3o registrada faz a diferen\u00e7a na constru\u00e7\u00e3o de um ensino mais justo, acess\u00edvel e preparado para atender \u00e0s necessidades de todos os estudantes.<\/p>\n\n\n\n<p>Elaboramos este guia com o intuito de fornecer instru\u00e7\u00f5es a respeito de como informar corretamente a defici\u00eancia do aluno.<\/p>\n\n\n\n<p class=\"has-text-align-center\">Fa\u00e7a a busca na plataforma Bravo pelo usu\u00e1rio desejado. Ap\u00f3s identificado, clique em &#8220;Gerenciar&#8221;.<\/p>\n\n\n<div class=\"wp-block-image\">\n<figure class=\"aligncenter size-large\"><img decoding=\"async\" loading=\"lazy\" width=\"1024\" height=\"576\" src=\"https:\/\/www.sistemagestaoescolar.com.br\/blogbravo\/wp-content\/uploads\/2026\/04\/FOTO-1-1024x576.png\" alt=\"\" class=\"wp-image-3677\" srcset=\"https:\/\/www.sistemagestaoescolar.com.br\/blogbravo\/wp-content\/uploads\/2026\/04\/FOTO-1-1024x576.png 1024w, https:\/\/www.sistemagestaoescolar.com.br\/blogbravo\/wp-content\/uploads\/2026\/04\/FOTO-1-300x169.png 300w, https:\/\/www.sistemagestaoescolar.com.br\/blogbravo\/wp-content\/uploads\/2026\/04\/FOTO-1-768x432.png 768w, https:\/\/www.sistemagestaoescolar.com.br\/blogbravo\/wp-content\/uploads\/2026\/04\/FOTO-1-1536x864.png 1536w, https:\/\/www.sistemagestaoescolar.com.br\/blogbravo\/wp-content\/uploads\/2026\/04\/FOTO-1.png 1920w\" sizes=\"(max-width: 1024px) 100vw, 1024px\" \/><\/figure><\/div>\n\n\n<p class=\"has-text-align-center\">Na p\u00e1gina inicial do usu\u00e1rio, busque pelo campo &#8220;Defici\u00eancia&#8221;, localizado no menu ao lado esquerdo.<\/p>\n\n\n<div class=\"wp-block-image\">\n<figure class=\"aligncenter size-large\"><img decoding=\"async\" loading=\"lazy\" width=\"1024\" height=\"576\" src=\"https:\/\/www.sistemagestaoescolar.com.br\/blogbravo\/wp-content\/uploads\/2026\/04\/FOTO-2-1024x576.png\" alt=\"\" class=\"wp-image-3678\" srcset=\"https:\/\/www.sistemagestaoescolar.com.br\/blogbravo\/wp-content\/uploads\/2026\/04\/FOTO-2-1024x576.png 1024w, https:\/\/www.sistemagestaoescolar.com.br\/blogbravo\/wp-content\/uploads\/2026\/04\/FOTO-2-300x169.png 300w, https:\/\/www.sistemagestaoescolar.com.br\/blogbravo\/wp-content\/uploads\/2026\/04\/FOTO-2-768x432.png 768w, https:\/\/www.sistemagestaoescolar.com.br\/blogbravo\/wp-content\/uploads\/2026\/04\/FOTO-2-1536x864.png 1536w, https:\/\/www.sistemagestaoescolar.com.br\/blogbravo\/wp-content\/uploads\/2026\/04\/FOTO-2.png 1920w\" sizes=\"(max-width: 1024px) 100vw, 1024px\" \/><\/figure><\/div>\n\n\n<p class=\"has-text-align-center\">Por meio dessa p\u00e1gina, ser\u00e1 disponibilizado um formul\u00e1rio com diversos tipos de defici\u00eancia o qual o aluno poder\u00e1 se encaixar conforme o Educacenso exige. <\/p>\n\n\n\n<p class=\"has-text-align-center\">Lembrando que quando a op\u00e7\u00e3o &#8220;Pessoa f\u00edsica com defici\u00eancia, transtorno do espectro autista ou altas habilidades\/superdota\u00e7\u00e3o&#8221; seja marcado como &#8220;Sim&#8221;, \u00e9 obrigatoriamente necess\u00e1rio marcar um tipo de defici\u00eancia, a fim de que evite qualquer erro ou inconsist\u00eancia futura.<\/p>\n\n\n\n<p><\/p>\n\n\n\n<p>Caso tenha alguma d\u00favida, possu\u00edmos um suporte online, que funciona em tempo real, em hor\u00e1rio comercial, para tirar as d\u00favidas que possam surgir durante o processo.<\/p>\n\n\n\n<p>Conte com a nossa equipe.<\/p>\n\n\n\n<p><\/p>\n","protected":false},"excerpt":{"rendered":"<p>Ol\u00e1, caro Gestor. Seja bem-vindo(a) ao SGE Bravo! Garantir o registro correto dos alunos com defici\u00eancia no sistema n\u00e3o \u00e9 apenas uma exig\u00eancia administrativa, \u00e9 um compromisso com a inclus\u00e3o, a equidade e a qualidade da educa\u00e7\u00e3o. Ao informar esses dados de forma precisa no SGE Bravo, o munic\u00edpio fortalece o planejamento pedag\u00f3gico, assegura o [&hellip;]<\/p>\n","protected":false},"author":2,"featured_media":0,"comment_status":"closed","ping_status":"open","sticky":false,"template":"","format":"standard","meta":[],"categories":[33],"tags":[],"_links":{"self":[{"href":"https:\/\/www.sistemagestaoescolar.com.br\/blogbravo\/wp-json\/wp\/v2\/posts\/3676"}],"collection":[{"href":"https:\/\/www.sistemagestaoescolar.com.br\/blogbravo\/wp-json\/wp\/v2\/posts"}],"about":[{"href":"https:\/\/www.sistemagestaoescolar.com.br\/blogbravo\/wp-json\/wp\/v2\/types\/post"}],"author":[{"embeddable":true,"href":"https:\/\/www.sistemagestaoescolar.com.br\/blogbravo\/wp-json\/wp\/v2\/users\/2"}],"replies":[{"embeddable":true,"href":"https:\/\/www.sistemagestaoescolar.com.br\/blogbravo\/wp-json\/wp\/v2\/comments?post=3676"}],"version-history":[{"count":1,"href":"https:\/\/www.sistemagestaoescolar.com.br\/blogbravo\/wp-json\/wp\/v2\/posts\/3676\/revisions"}],"predecessor-version":[{"id":3679,"href":"https:\/\/www.sistemagestaoescolar.com.br\/blogbravo\/wp-json\/wp\/v2\/posts\/3676\/revisions\/3679"}],"wp:attachment":[{"href":"https:\/\/www.sistemagestaoescolar.com.br\/blogbravo\/wp-json\/wp\/v2\/media?parent=3676"}],"wp:term":[{"taxonomy":"category","embeddable":true,"href":"https:\/\/www.sistemagestaoescolar.com.br\/blogbravo\/wp-json\/wp\/v2\/categories?post=3676"},{"taxonomy":"post_tag","embeddable":true,"href":"https:\/\/www.sistemagestaoescolar.com.br\/blogbravo\/wp-json\/wp\/v2\/tags?post=3676"}],"curies":[{"name":"wp","href":"https:\/\/api.w.org\/{rel}","templated":true}]}}