{"id":3591,"date":"2026-03-05T08:52:40","date_gmt":"2026-03-05T11:52:40","guid":{"rendered":"https:\/\/www.sistemagestaoescolar.com.br\/blogbravo\/?p=3591"},"modified":"2026-03-19T09:49:21","modified_gmt":"2026-03-19T12:49:21","slug":"situacoes-de-matricula-no-sge-bravo-quando-usar-cada-uma-e-por-que-isso-e-tao-importante","status":"publish","type":"post","link":"https:\/\/www.sistemagestaoescolar.com.br\/blogbravo\/arquivos\/3591","title":{"rendered":"Situa\u00e7\u00f5es de Matr\u00edcula no SGE Bravo!: quando usar cada uma e por qu\u00ea isso \u00e9 t\u00e3o importante"},"content":{"rendered":"\n<p>Dentro do sistema existem diversas <strong>situa\u00e7\u00f5es de matr\u00edcula<\/strong>, criadas com base nas exig\u00eancias do <strong>Censo Escolar<\/strong> e tamb\u00e9m nas necessidades administrativas das redes de ensino.<\/p>\n\n\n\n<p>Essas situa\u00e7\u00f5es permitem organizar corretamente os registros acad\u00eamicos dos alunos, garantindo que cada movimenta\u00e7\u00e3o escolar seja registrada de forma clara e padronizada.<\/p>\n\n\n\n<figure class=\"wp-block-video\"><video controls src=\"https:\/\/www.sistemagestaoescolar.com.br\/blogbravo\/wp-content\/uploads\/2026\/03\/screen_1772713131246.mp4\"><\/video><\/figure>\n\n\n\n<p>Compreender e utilizar corretamente cada situa\u00e7\u00e3o \u00e9 fundamental para:<\/p>\n\n\n\n<ul>\n<li>garantir dados confi\u00e1veis;<\/li>\n\n\n\n<li>evitar inconsist\u00eancias em relat\u00f3rios;<\/li>\n\n\n\n<li>assegurar informa\u00e7\u00f5es corretas para o Censo Escolar;<\/li>\n\n\n\n<li>manter a organiza\u00e7\u00e3o da vida escolar do estudante.<\/li>\n<\/ul>\n\n\n\n<p>A seguir, explicamos cada situa\u00e7\u00e3o existente e o momento adequado de utiliz\u00e1-la.<\/p>\n\n\n\n<hr class=\"wp-block-separator has-alpha-channel-opacity\"\/>\n\n\n\n<h1 class=\"wp-block-heading\">Matriculado<\/h1>\n\n\n\n<p>A situa\u00e7\u00e3o <strong>Matriculado<\/strong> \u00e9 atribu\u00edda automaticamente no momento em que o aluno \u00e9 inserido em uma turma.<\/p>\n\n\n\n<p>Todo estudante que realiza sua matr\u00edcula inicial passa, obrigatoriamente, por essa situa\u00e7\u00e3o. Ela indica que o aluno est\u00e1 <strong>regularmente vinculado \u00e0 turma no in\u00edcio do ano letivo ou no momento da matr\u00edcula<\/strong>.<\/p>\n\n\n\n<hr class=\"wp-block-separator has-alpha-channel-opacity\"\/>\n\n\n\n<h1 class=\"wp-block-heading\">Situa\u00e7\u00f5es utilizadas no fechamento do ano letivo<\/h1>\n\n\n\n<p>As situa\u00e7\u00f5es abaixo devem ser utilizadas <strong>exclusivamente no momento de fechamento da turma<\/strong>, ao final do ano letivo.<\/p>\n\n\n\n<h2 class=\"wp-block-heading\">Aprovado<\/h2>\n\n\n\n<p>Indica que o aluno concluiu o ano letivo com aproveitamento satisfat\u00f3rio.<\/p>\n\n\n\n<p>Essa situa\u00e7\u00e3o \u00e9 informada no fechamento da turma e pode ser aplicada a v\u00e1rios alunos simultaneamente. Ap\u00f3s registrada, n\u00e3o pode ser alterada.<\/p>\n\n\n\n<hr class=\"wp-block-separator has-alpha-channel-opacity\"\/>\n\n\n\n<h2 class=\"wp-block-heading\">Aprovado com depend\u00eancia<\/h2>\n\n\n\n<p>Utilizada quando o aluno \u00e9 aprovado, mas permanece com depend\u00eancia em algum componente curricular.<\/p>\n\n\n\n<p>Assim como as demais situa\u00e7\u00f5es de fechamento, \u00e9 informada ao final do ano letivo e n\u00e3o pode ser alterada ap\u00f3s o registro. Em alguns munic\u00edpios, essa situa\u00e7\u00e3o pode ser atribu\u00edda automaticamente conforme o c\u00e1lculo das notas.<\/p>\n\n\n\n<hr class=\"wp-block-separator has-alpha-channel-opacity\"\/>\n\n\n\n<h2 class=\"wp-block-heading\">Aprovado por recupera\u00e7\u00e3o<\/h2>\n\n\n\n<p>Indica que o aluno foi aprovado ap\u00f3s participar do processo de recupera\u00e7\u00e3o.<\/p>\n\n\n\n<p>\u00c9 informada no fechamento da turma e, uma vez registrada, n\u00e3o pode ser modificada. Dependendo das regras de avalia\u00e7\u00e3o do munic\u00edpio, o sistema pode atribuir essa situa\u00e7\u00e3o automaticamente.<\/p>\n\n\n\n<hr class=\"wp-block-separator has-alpha-channel-opacity\"\/>\n\n\n\n<h2 class=\"wp-block-heading\">Aprovado por conselho de classe<\/h2>\n\n\n\n<p>Utilizada quando a aprova\u00e7\u00e3o ocorre por decis\u00e3o do <strong>conselho de classe<\/strong>.<\/p>\n\n\n\n<p>Tamb\u00e9m \u00e9 registrada no fechamento da turma e n\u00e3o pode ser alterada posteriormente. Em alguns casos, pode ser aplicada automaticamente conforme as regras pedag\u00f3gicas definidas pela rede.<\/p>\n\n\n\n<hr class=\"wp-block-separator has-alpha-channel-opacity\"\/>\n\n\n\n<h2 class=\"wp-block-heading\">Reprovado<\/h2>\n\n\n\n<p>Indica que o aluno n\u00e3o atingiu os crit\u00e9rios m\u00ednimos para aprova\u00e7\u00e3o no ano letivo.<\/p>\n\n\n\n<p>Essa situa\u00e7\u00e3o \u00e9 informada no fechamento da turma e n\u00e3o pode ser alterada ap\u00f3s o registro. Em alguns munic\u00edpios, o sistema tamb\u00e9m pode atribu\u00ed-la automaticamente com base nas regras de avalia\u00e7\u00e3o.<\/p>\n\n\n\n<hr class=\"wp-block-separator has-alpha-channel-opacity\"\/>\n\n\n\n<h2 class=\"wp-block-heading\">Reprovado por falta<\/h2>\n\n\n\n<p>Utilizada quando o aluno \u00e9 reprovado devido \u00e0 <strong>frequ\u00eancia insuficiente<\/strong>.<\/p>\n\n\n\n<p>Assim como as demais situa\u00e7\u00f5es de fechamento, \u00e9 registrada ao final do ano letivo e n\u00e3o pode ser alterada posteriormente. Em determinadas configura\u00e7\u00f5es, essa situa\u00e7\u00e3o pode ser aplicada automaticamente conforme o controle de frequ\u00eancia.<\/p>\n\n\n\n<hr class=\"wp-block-separator has-alpha-channel-opacity\"\/>\n\n\n\n<h1 class=\"wp-block-heading\">Situa\u00e7\u00f5es utilizadas durante o ano letivo<\/h1>\n\n\n\n<h2 class=\"wp-block-heading\">Transferido<\/h2>\n\n\n\n<p>A situa\u00e7\u00e3o <strong>Transferido<\/strong> deve ser utilizada quando o aluno deixa a escola para estudar em outra institui\u00e7\u00e3o, seja da mesma rede ou de rede diferente.<\/p>\n\n\n\n<p>\u00c9 importante observar que:<\/p>\n\n\n\n<p>Se o estudante sair de uma escola e for para <strong>outra escola da mesma rede<\/strong>, a situa\u00e7\u00e3o mais adequada \u00e9 <strong>Remanejado<\/strong>, e n\u00e3o Transferido.<\/p>\n\n\n\n<hr class=\"wp-block-separator has-alpha-channel-opacity\"\/>\n\n\n\n<h2 class=\"wp-block-heading\">Remanejado<\/h2>\n\n\n\n<p>A situa\u00e7\u00e3o <strong>Remanejado<\/strong> \u00e9 utilizada quando ocorre movimenta\u00e7\u00e3o interna do aluno dentro da mesma rede.<\/p>\n\n\n\n<p>Ela se aplica quando o estudante:<\/p>\n\n\n\n<ul>\n<li>sai de uma turma e passa a frequentar outra turma dentro da mesma escola.<\/li>\n<\/ul>\n\n\n\n<h2 class=\"wp-block-heading\"><strong>Aten\u00e7\u00e3o!<\/strong><\/h2>\n\n\n\n<p>Essa op\u00e7\u00e3o deve ser utilizada especialmente quando o aluno j\u00e1 possui <strong>notas, registros ou outros dados acad\u00eamicos<\/strong> na turma anterior.<\/p>\n\n\n\n<p>Ao registrar o remanejamento na turma de origem, o sistema permite que, no momento da nova matr\u00edcula, seja poss\u00edvel <strong>migrar os dados da turma anterior para a nova turma<\/strong>.<\/p>\n\n\n\n<p>Importante observar:<\/p>\n\n\n\n<ul>\n<li>essa op\u00e7\u00e3o n\u00e3o deve ser utilizada no in\u00edcio do ano letivo;<\/li>\n\n\n\n<li>quando a matr\u00edcula foi realizada incorretamente e precisa ser desconsiderada, a situa\u00e7\u00e3o correta \u00e9 <strong>Cancelado<\/strong>.<\/li>\n<\/ul>\n\n\n\n<hr class=\"wp-block-separator has-alpha-channel-opacity\"\/>\n\n\n\n<h2 class=\"wp-block-heading\">Cancelado<\/h2>\n\n\n\n<p>Utilizada quando a matr\u00edcula \u00e9 realizada, mas <strong>n\u00e3o chega a se concretizar<\/strong>.<\/p>\n\n\n\n<p>Isso ocorre, por exemplo, quando:<\/p>\n\n\n\n<ul>\n<li>o respons\u00e1vel realiza a matr\u00edcula;<\/li>\n\n\n\n<li>o aluno n\u00e3o inicia a frequ\u00eancia na escola;<\/li>\n\n\n\n<li>a fam\u00edlia decide n\u00e3o dar continuidade ao processo.<\/li>\n<\/ul>\n\n\n\n<p>Nesse caso, a matr\u00edcula inicial deve ser cancelada.<\/p>\n\n\n\n<hr class=\"wp-block-separator has-alpha-channel-opacity\"\/>\n\n\n\n<h2 class=\"wp-block-heading\">Desistente<\/h2>\n\n\n\n<p>A situa\u00e7\u00e3o <strong>Desistente<\/strong> \u00e9 utilizada quando o aluno chegou a frequentar a escola por um per\u00edodo, mas comunica formalmente que <strong>n\u00e3o continuar\u00e1 frequentando as aulas<\/strong>.<\/p>\n\n\n\n<p>Diferente do cancelamento, aqui houve <strong>v\u00ednculo escolar e frequ\u00eancia inicial<\/strong>.<\/p>\n\n\n\n<hr class=\"wp-block-separator has-alpha-channel-opacity\"\/>\n\n\n\n<h2 class=\"wp-block-heading\">Evadido<\/h2>\n\n\n\n<p>A <strong>evas\u00e3o escolar<\/strong> representa o rompimento definitivo da trajet\u00f3ria escolar do estudante antes da conclus\u00e3o da educa\u00e7\u00e3o b\u00e1sica.<\/p>\n\n\n\n<p>Diferentemente do abandono, a evas\u00e3o caracteriza uma <strong>decis\u00e3o final de deixar a escola<\/strong>.<\/p>\n\n\n\n<p>Esse processo pode ocorrer ap\u00f3s um per\u00edodo de abandono ou de forma direta, em situa\u00e7\u00f5es como:<\/p>\n\n\n\n<ul>\n<li>mudan\u00e7as na estrutura familiar;<\/li>\n\n\n\n<li>gravidez na adolesc\u00eancia;<\/li>\n\n\n\n<li>necessidade de ingresso precoce no mercado de trabalho.<\/li>\n<\/ul>\n\n\n\n<p>A evas\u00e3o escolar gera impactos sociais significativos e aumenta a vulnerabilidade do estudante ao longo da vida.<\/p>\n\n\n\n<hr class=\"wp-block-separator has-alpha-channel-opacity\"\/>\n\n\n\n<h2 class=\"wp-block-heading\">Abandono de estudos<\/h2>\n\n\n\n<p>O abandono ocorre de forma gradual. O aluno come\u00e7a a apresentar <strong>faltas frequentes<\/strong> at\u00e9 interromper totalmente sua participa\u00e7\u00e3o nas atividades escolares.<\/p>\n\n\n\n<p>Entre os fatores mais comuns est\u00e3o:<\/p>\n\n\n\n<ul>\n<li>quest\u00f5es socioecon\u00f4micas;<\/li>\n\n\n\n<li>problemas familiares;<\/li>\n\n\n\n<li>dificuldades acad\u00eamicas;<\/li>\n\n\n\n<li>perda de interesse pelos estudos.<\/li>\n<\/ul>\n\n\n\n<p>Diferentemente da evas\u00e3o, o abandono pode ser <strong>tempor\u00e1rio<\/strong>, havendo possibilidade de retorno \u00e0 escola.<\/p>\n\n\n\n<hr class=\"wp-block-separator has-alpha-channel-opacity\"\/>\n\n\n\n<h2 class=\"wp-block-heading\">Reclassificado<\/h2>\n\n\n\n<p>Utilizada quando o aluno passa por um <strong>processo de reclassifica\u00e7\u00e3o<\/strong>, realizado conforme crit\u00e9rios pedag\u00f3gicos e normas estabelecidas pelo sistema de ensino.<\/p>\n\n\n\n<hr class=\"wp-block-separator has-alpha-channel-opacity\"\/>\n\n\n\n<h2 class=\"wp-block-heading\">Atividade complementar \/ Mais Educa\u00e7\u00e3o<\/h2>\n\n\n\n<p>Essa situa\u00e7\u00e3o representa <strong>uma matr\u00edcula adicional<\/strong>, realizada ap\u00f3s o aluno j\u00e1 estar matriculado em sua turma regular.<\/p>\n\n\n\n<p>Ela \u00e9 utilizada quando o estudante participa de:<\/p>\n\n\n\n<ul>\n<li>atividades complementares;<\/li>\n\n\n\n<li>programas educacionais, como o <strong>Mais Educa\u00e7\u00e3o<\/strong>.<\/li>\n<\/ul>\n\n\n\n<p>Nessa situa\u00e7\u00e3o, o aluno mant\u00e9m sua matr\u00edcula regular e passa a ter tamb\u00e9m uma matr\u00edcula vinculada \u00e0 atividade complementar.<\/p>\n\n\n\n<hr class=\"wp-block-separator has-alpha-channel-opacity\"\/>\n\n\n\n<h2 class=\"wp-block-heading\">Sem confirma\u00e7\u00e3o<\/h2>\n\n\n\n<p>Utilizada quando:<\/p>\n\n\n\n<ul>\n<li>o processo de matr\u00edcula foi iniciado;<\/li>\n\n\n\n<li>faltam documentos obrigat\u00f3rios;<\/li>\n\n\n\n<li>ou o respons\u00e1vel ainda n\u00e3o confirmou a matr\u00edcula na escola.<\/li>\n<\/ul>\n\n\n\n<p>Essa situa\u00e7\u00e3o indica que a matr\u00edcula <strong>ainda n\u00e3o foi efetivada oficialmente<\/strong>.<\/p>\n\n\n\n<hr class=\"wp-block-separator has-alpha-channel-opacity\"\/>\n\n\n\n<h2 class=\"wp-block-heading\">Sem movimenta\u00e7\u00e3o<\/h2>\n\n\n\n<p>A situa\u00e7\u00e3o <strong>Sem movimenta\u00e7\u00e3o<\/strong> \u00e9 utilizada quando o aluno permanece vinculado ao sistema, mas <strong>n\u00e3o houve registro formal de nenhuma movimenta\u00e7\u00e3o durante o per\u00edodo letivo<\/strong>.<\/p>\n\n\n\n<p>Isso significa que:<\/p>\n\n\n\n<ul>\n<li>n\u00e3o foi registrado cancelamento, transfer\u00eancia, remanejamento, abandono, evas\u00e3o ou conclus\u00e3o;<\/li>\n\n\n\n<li>a situa\u00e7\u00e3o final do aluno n\u00e3o foi definida;<\/li>\n\n\n\n<li>pode haver aus\u00eancia de atualiza\u00e7\u00e3o por parte da escola.<\/li>\n<\/ul>\n\n\n\n<p>Essa condi\u00e7\u00e3o funciona como um <strong>alerta para a gest\u00e3o<\/strong>, indicando a necessidade de revis\u00e3o dos registros.<\/p>\n\n\n\n<hr class=\"wp-block-separator has-alpha-channel-opacity\"\/>\n\n\n\n<h2 class=\"wp-block-heading\">Falecido<\/h2>\n\n\n\n<p>Utilizada quando ocorre o registro de falecimento do aluno.<\/p>\n\n\n\n<hr class=\"wp-block-separator has-alpha-channel-opacity\"\/>\n\n\n\n<h2 class=\"wp-block-heading\">Outros<\/h2>\n\n\n\n<p>Essa situa\u00e7\u00e3o deve ser utilizada apenas quando <strong>nenhuma das op\u00e7\u00f5es anteriores se aplica<\/strong>, sendo recomend\u00e1vel adot\u00e1-la com cautela.<\/p>\n\n\n\n<hr class=\"wp-block-separator has-alpha-channel-opacity\"\/>\n\n\n\n<h1 class=\"wp-block-heading\">Orienta\u00e7\u00e3o final<\/h1>\n\n\n\n<p>Em caso de d\u00favidas sobre qual situa\u00e7\u00e3o utilizar, \u00e9 fundamental que a escola procure o <strong>coordenador respons\u00e1vel pelo sistema no munic\u00edpio<\/strong>.<\/p>\n\n\n\n<p>A utiliza\u00e7\u00e3o correta das situa\u00e7\u00f5es de matr\u00edcula garante:<\/p>\n\n\n\n<ul>\n<li>dados educacionais confi\u00e1veis;<\/li>\n\n\n\n<li>relat\u00f3rios consistentes;<\/li>\n\n\n\n<li>conformidade com o Censo Escolar;<\/li>\n\n\n\n<li>maior organiza\u00e7\u00e3o da vida escolar dos estudantes.<\/li>\n<\/ul>\n\n\n\n<p>Uma gest\u00e3o educacional eficiente depende de <strong>registros precisos e bem estruturados<\/strong>, e o uso adequado dessas situa\u00e7\u00f5es \u00e9 parte essencial desse processo.<\/p>\n\n\n\n<hr class=\"wp-block-separator has-alpha-channel-opacity\"\/>\n\n\n\n<h1 class=\"wp-block-heading\">Refer\u00eancia do Censo Escolar<\/h1>\n\n\n\n<p>No <strong>Caderno de Conceitos e Orienta\u00e7\u00f5es do Censo Escolar 2024 (Situa\u00e7\u00e3o do Aluno)<\/strong>, publicado pelo Instituto Nacional de Estudos e Pesquisas Educacionais An\u00edsio Teixeira (INEP), \u00e9 apresentada a defini\u00e7\u00e3o oficial de movimento escolar.<\/p>\n\n\n\n<p>Nesse documento, o conceito de <strong>Transferido<\/strong> \u00e9 definido da seguinte forma:<\/p>\n\n\n\n<p>\u201cQuando o aluno mudou de uma escola para outra mediante requerimento formal (documento de transfer\u00eancia). Para efeitos do Censo Escolar, o aluno que mudou de modalidade de ensino na mesma escola tamb\u00e9m \u00e9 considerado transferido.\u201d<\/p>\n\n\n\n<p>Essa defini\u00e7\u00e3o orienta como escolas e sistemas devem declarar o <strong>movimento escolar dos estudantes no m\u00f3dulo Situa\u00e7\u00e3o do Aluno do Educacenso<\/strong>, garantindo padroniza\u00e7\u00e3o nacional no registro das informa\u00e7\u00f5es educacionais.<\/p>\n","protected":false},"excerpt":{"rendered":"<p>Dentro do sistema existem diversas situa\u00e7\u00f5es de matr\u00edcula, criadas com base nas exig\u00eancias do Censo Escolar e tamb\u00e9m nas necessidades administrativas das redes de ensino. Essas situa\u00e7\u00f5es permitem organizar corretamente os registros acad\u00eamicos dos alunos, garantindo que cada movimenta\u00e7\u00e3o escolar seja registrada de forma clara e padronizada. Compreender e utilizar corretamente cada situa\u00e7\u00e3o \u00e9 fundamental [&hellip;]<\/p>\n","protected":false},"author":2,"featured_media":3573,"comment_status":"closed","ping_status":"open","sticky":false,"template":"","format":"standard","meta":[],"categories":[28],"tags":[],"_links":{"self":[{"href":"https:\/\/www.sistemagestaoescolar.com.br\/blogbravo\/wp-json\/wp\/v2\/posts\/3591"}],"collection":[{"href":"https:\/\/www.sistemagestaoescolar.com.br\/blogbravo\/wp-json\/wp\/v2\/posts"}],"about":[{"href":"https:\/\/www.sistemagestaoescolar.com.br\/blogbravo\/wp-json\/wp\/v2\/types\/post"}],"author":[{"embeddable":true,"href":"https:\/\/www.sistemagestaoescolar.com.br\/blogbravo\/wp-json\/wp\/v2\/users\/2"}],"replies":[{"embeddable":true,"href":"https:\/\/www.sistemagestaoescolar.com.br\/blogbravo\/wp-json\/wp\/v2\/comments?post=3591"}],"version-history":[{"count":2,"href":"https:\/\/www.sistemagestaoescolar.com.br\/blogbravo\/wp-json\/wp\/v2\/posts\/3591\/revisions"}],"predecessor-version":[{"id":3601,"href":"https:\/\/www.sistemagestaoescolar.com.br\/blogbravo\/wp-json\/wp\/v2\/posts\/3591\/revisions\/3601"}],"wp:featuredmedia":[{"embeddable":true,"href":"https:\/\/www.sistemagestaoescolar.com.br\/blogbravo\/wp-json\/wp\/v2\/media\/3573"}],"wp:attachment":[{"href":"https:\/\/www.sistemagestaoescolar.com.br\/blogbravo\/wp-json\/wp\/v2\/media?parent=3591"}],"wp:term":[{"taxonomy":"category","embeddable":true,"href":"https:\/\/www.sistemagestaoescolar.com.br\/blogbravo\/wp-json\/wp\/v2\/categories?post=3591"},{"taxonomy":"post_tag","embeddable":true,"href":"https:\/\/www.sistemagestaoescolar.com.br\/blogbravo\/wp-json\/wp\/v2\/tags?post=3591"}],"curies":[{"name":"wp","href":"https:\/\/api.w.org\/{rel}","templated":true}]}}