{"id":3382,"date":"2025-11-27T11:59:35","date_gmt":"2025-11-27T14:59:35","guid":{"rendered":"https:\/\/www.sistemagestaoescolar.com.br\/blogbravo\/?p=3382"},"modified":"2025-11-27T12:03:51","modified_gmt":"2025-11-27T15:03:51","slug":"nova-opcao-recursos-humanos-na-pasta-do-funcionario","status":"publish","type":"post","link":"https:\/\/www.sistemagestaoescolar.com.br\/blogbravo\/arquivos\/3382","title":{"rendered":"Nova Op\u00e7\u00e3o: Recursos Humanos na Pasta do Funcion\u00e1rio"},"content":{"rendered":"\n<figure class=\"wp-block-image size-large\"><img decoding=\"async\" loading=\"lazy\" width=\"1024\" height=\"576\" src=\"https:\/\/www.sistemagestaoescolar.com.br\/blogbravo\/wp-content\/uploads\/2025\/11\/SGE-Bravo-e-SGP-MEC-3-1024x576.png\" alt=\"\" class=\"wp-image-3386\" srcset=\"https:\/\/www.sistemagestaoescolar.com.br\/blogbravo\/wp-content\/uploads\/2025\/11\/SGE-Bravo-e-SGP-MEC-3-1024x576.png 1024w, https:\/\/www.sistemagestaoescolar.com.br\/blogbravo\/wp-content\/uploads\/2025\/11\/SGE-Bravo-e-SGP-MEC-3-300x169.png 300w, https:\/\/www.sistemagestaoescolar.com.br\/blogbravo\/wp-content\/uploads\/2025\/11\/SGE-Bravo-e-SGP-MEC-3-768x432.png 768w, https:\/\/www.sistemagestaoescolar.com.br\/blogbravo\/wp-content\/uploads\/2025\/11\/SGE-Bravo-e-SGP-MEC-3-1536x864.png 1536w, https:\/\/www.sistemagestaoescolar.com.br\/blogbravo\/wp-content\/uploads\/2025\/11\/SGE-Bravo-e-SGP-MEC-3.png 1920w\" sizes=\"(max-width: 1024px) 100vw, 1024px\" \/><\/figure>\n\n\n\n<p>Para tornar o cadastro dos profissionais ainda mais completo e alinhado \u00e0s exig\u00eancias nacionais, o SGE Bravo! recebeu uma nova funcionalidade dentro da <strong>pasta do funcion\u00e1rio<\/strong> (professores, colaboradores e demais servidores): a aba <strong>Recursos Humanos<\/strong>.<\/p>\n\n\n\n<p>Essa novidade est\u00e1 localizada no menu <strong>Cadastro<\/strong>, dentro do perfil de cada profissional. O objetivo \u00e9 permitir que as Secretarias de Educa\u00e7\u00e3o organizem de forma clara e padronizada as informa\u00e7\u00f5es essenciais dos seus quadros de pessoal \u2014 dados que, al\u00e9m de apoiar a gest\u00e3o municipal, ser\u00e3o fundamentais para integra\u00e7\u00e3o com o <strong>SGP \u2013 Sistema Gest\u00e3o Presente do MEC<\/strong>.<\/p>\n\n\n\n<hr class=\"wp-block-separator has-alpha-channel-opacity\"\/>\n\n\n\n<h2 class=\"wp-block-heading\"><strong>Para que serve a nova aba Recursos Humanos?<\/strong><\/h2>\n\n\n\n<p>A ferramenta foi criada para <strong>padronizar e reunir informa\u00e7\u00f5es importantes da vida funcional<\/strong> de cada profissional.<br>Com ela, a gest\u00e3o tem uma vis\u00e3o completa sobre fun\u00e7\u00f5es, v\u00ednculos, hor\u00e1rios e demais dados que facilitam:<\/p>\n\n\n\n<ul>\n<li>A distribui\u00e7\u00e3o de carga hor\u00e1ria<br><\/li>\n\n\n\n<li>A organiza\u00e7\u00e3o de turmas<br><\/li>\n\n\n\n<li>A movimenta\u00e7\u00e3o de servidores<br><\/li>\n\n\n\n<li>O cumprimento das diretrizes do MEC<br><\/li>\n\n\n\n<li>A prepara\u00e7\u00e3o dos dados para o SGP<br><\/li>\n<\/ul>\n\n\n\n<hr class=\"wp-block-separator has-alpha-channel-opacity\"\/>\n\n\n\n<h2 class=\"wp-block-heading\"><strong>Quais dados devem ser preenchidos?<\/strong><\/h2>\n\n\n\n<p>Dentro da aba <strong>Recursos Humanos<\/strong>, o munic\u00edpio dever\u00e1 cadastrar:<\/p>\n\n\n\n<ul>\n<li><strong>Matr\u00edcula funcional<\/strong><strong><br><\/strong><\/li>\n\n\n\n<li><strong>Fun\u00e7\u00e3o desempenhada<\/strong><strong><br><\/strong><\/li>\n\n\n\n<li><strong>Tipo de v\u00ednculo<\/strong><strong><br><\/strong><\/li>\n\n\n\n<li><strong>Carga hor\u00e1ria semanal<\/strong><strong><br><\/strong><\/li>\n\n\n\n<li><strong>Hor\u00e1rio de entrada e hor\u00e1rio de sa\u00edda<\/strong><strong><br><\/strong><\/li>\n\n\n\n<li><strong>Turno de atua\u00e7\u00e3o<\/strong><strong><br><\/strong><\/li>\n\n\n\n<li><strong>UF e munic\u00edpio de origem<\/strong><strong><br><\/strong><\/li>\n\n\n\n<li><strong>Observa\u00e7\u00f5es gerais<\/strong><strong><br><\/strong><\/li>\n<\/ul>\n\n\n\n<p>Cada um desses campos foi planejado para tornar o cadastro mais completo e eficiente, permitindo que as informa\u00e7\u00f5es estejam sempre atualizadas e prontas para uso administrativo e pedag\u00f3gico.<\/p>\n\n\n\n<hr class=\"wp-block-separator has-alpha-channel-opacity\"\/>\n\n\n\n<h2 class=\"wp-block-heading\"><strong>Por que o preenchimento \u00e9 t\u00e3o importante?<\/strong><\/h2>\n\n\n\n<p>O preenchimento desses dados \u00e9 <strong>essencial<\/strong>, principalmente para profissionais da educa\u00e7\u00e3o, como:<\/p>\n\n\n\n<ul>\n<li>Professores<br><\/li>\n\n\n\n<li>Monitores<br><\/li>\n\n\n\n<li>Profissionais de apoio<br><\/li>\n\n\n\n<li>Cuidadores<br><\/li>\n\n\n\n<li>Auxiliares<br><\/li>\n\n\n\n<li>Coordenadores<br><\/li>\n<\/ul>\n\n\n\n<p>Essas informa\u00e7\u00f5es ser\u00e3o utilizadas na gest\u00e3o da carga hor\u00e1ria, na lota\u00e7\u00e3o dos profissionais, no planejamento das unidades escolares e na prepara\u00e7\u00e3o dos dados que ser\u00e3o enviados ao <strong>SGP \u2013 MEC<\/strong>.<\/p>\n\n\n\n<hr class=\"wp-block-separator has-alpha-channel-opacity\"\/>\n\n\n\n<h2 class=\"wp-block-heading\"><strong>Como acessar e preencher?<\/strong><\/h2>\n\n\n\n<p>O processo \u00e9 simples e r\u00e1pido:<\/p>\n\n\n\n<ol>\n<li><strong>Busque o professor ou funcion\u00e1rio;<\/strong><strong><br><\/strong><\/li>\n\n\n\n<li><strong>Selecione o profissional desejado;<\/strong><strong><br><\/strong><\/li>\n\n\n\n<li><strong>Clique na aba Recursos Humanos;<\/strong><strong><br><\/strong><\/li>\n\n\n\n<li><strong>Preencha todos os campos obrigat\u00f3rios e salve as informa\u00e7\u00f5es.<\/strong><strong><br><\/strong><\/li>\n<\/ol>\n\n\n\n<hr class=\"wp-block-separator has-alpha-channel-opacity\"\/>\n\n\n\n<h2 class=\"wp-block-heading\"><strong>Conclus\u00e3o<\/strong><\/h2>\n\n\n\n<p>A nova aba <strong>Recursos Humanos<\/strong> refor\u00e7a o compromisso do SGE Bravo! com a moderniza\u00e7\u00e3o da gest\u00e3o educacional.<br>Ao organizar de forma eficiente os dados dos servidores, o munic\u00edpio garante:<\/p>\n\n\n\n<ul>\n<li>Mais precis\u00e3o nas informa\u00e7\u00f5es<br><\/li>\n\n\n\n<li>Menos retrabalho<br><\/li>\n\n\n\n<li>Melhora na gest\u00e3o pedag\u00f3gica e administrativa<br><\/li>\n\n\n\n<li>Prepara\u00e7\u00e3o completa para o Sistema Gest\u00e3o Presente \u2013 MEC<\/li>\n<\/ul>\n\n\n\n<figure class=\"wp-block-image size-large\"><img decoding=\"async\" loading=\"lazy\" width=\"1024\" height=\"576\" src=\"https:\/\/www.sistemagestaoescolar.com.br\/blogbravo\/wp-content\/uploads\/2025\/11\/SGE-Bravo-e-SGP-MEC-1024x576.png\" alt=\"\" class=\"wp-image-3383\" srcset=\"https:\/\/www.sistemagestaoescolar.com.br\/blogbravo\/wp-content\/uploads\/2025\/11\/SGE-Bravo-e-SGP-MEC-1024x576.png 1024w, https:\/\/www.sistemagestaoescolar.com.br\/blogbravo\/wp-content\/uploads\/2025\/11\/SGE-Bravo-e-SGP-MEC-300x169.png 300w, https:\/\/www.sistemagestaoescolar.com.br\/blogbravo\/wp-content\/uploads\/2025\/11\/SGE-Bravo-e-SGP-MEC-768x432.png 768w, https:\/\/www.sistemagestaoescolar.com.br\/blogbravo\/wp-content\/uploads\/2025\/11\/SGE-Bravo-e-SGP-MEC-1536x864.png 1536w, https:\/\/www.sistemagestaoescolar.com.br\/blogbravo\/wp-content\/uploads\/2025\/11\/SGE-Bravo-e-SGP-MEC.png 1920w\" sizes=\"(max-width: 1024px) 100vw, 1024px\" \/><\/figure>\n\n\n\n<figure class=\"wp-block-image size-large\"><img decoding=\"async\" loading=\"lazy\" width=\"1024\" height=\"576\" src=\"https:\/\/www.sistemagestaoescolar.com.br\/blogbravo\/wp-content\/uploads\/2025\/11\/SGE-Bravo-e-SGP-MEC-1-1024x576.png\" alt=\"\" class=\"wp-image-3384\" srcset=\"https:\/\/www.sistemagestaoescolar.com.br\/blogbravo\/wp-content\/uploads\/2025\/11\/SGE-Bravo-e-SGP-MEC-1-1024x576.png 1024w, https:\/\/www.sistemagestaoescolar.com.br\/blogbravo\/wp-content\/uploads\/2025\/11\/SGE-Bravo-e-SGP-MEC-1-300x169.png 300w, https:\/\/www.sistemagestaoescolar.com.br\/blogbravo\/wp-content\/uploads\/2025\/11\/SGE-Bravo-e-SGP-MEC-1-768x432.png 768w, https:\/\/www.sistemagestaoescolar.com.br\/blogbravo\/wp-content\/uploads\/2025\/11\/SGE-Bravo-e-SGP-MEC-1-1536x864.png 1536w, https:\/\/www.sistemagestaoescolar.com.br\/blogbravo\/wp-content\/uploads\/2025\/11\/SGE-Bravo-e-SGP-MEC-1.png 1920w\" sizes=\"(max-width: 1024px) 100vw, 1024px\" \/><\/figure>\n\n\n\n<figure class=\"wp-block-image size-large\"><img decoding=\"async\" loading=\"lazy\" width=\"1024\" height=\"576\" src=\"https:\/\/www.sistemagestaoescolar.com.br\/blogbravo\/wp-content\/uploads\/2025\/11\/SGE-Bravo-e-SGP-MEC-4-1024x576.png\" alt=\"\" class=\"wp-image-3388\" srcset=\"https:\/\/www.sistemagestaoescolar.com.br\/blogbravo\/wp-content\/uploads\/2025\/11\/SGE-Bravo-e-SGP-MEC-4-1024x576.png 1024w, https:\/\/www.sistemagestaoescolar.com.br\/blogbravo\/wp-content\/uploads\/2025\/11\/SGE-Bravo-e-SGP-MEC-4-300x169.png 300w, https:\/\/www.sistemagestaoescolar.com.br\/blogbravo\/wp-content\/uploads\/2025\/11\/SGE-Bravo-e-SGP-MEC-4-768x432.png 768w, https:\/\/www.sistemagestaoescolar.com.br\/blogbravo\/wp-content\/uploads\/2025\/11\/SGE-Bravo-e-SGP-MEC-4-1536x864.png 1536w, https:\/\/www.sistemagestaoescolar.com.br\/blogbravo\/wp-content\/uploads\/2025\/11\/SGE-Bravo-e-SGP-MEC-4.png 1920w\" sizes=\"(max-width: 1024px) 100vw, 1024px\" \/><\/figure>\n","protected":false},"excerpt":{"rendered":"<p>Para tornar o cadastro dos profissionais ainda mais completo e alinhado \u00e0s exig\u00eancias nacionais, o SGE Bravo! recebeu uma nova funcionalidade dentro da pasta do funcion\u00e1rio (professores, colaboradores e demais servidores): a aba Recursos Humanos. Essa novidade est\u00e1 localizada no menu Cadastro, dentro do perfil de cada profissional. O objetivo \u00e9 permitir que as Secretarias [&hellip;]<\/p>\n","protected":false},"author":2,"featured_media":0,"comment_status":"closed","ping_status":"open","sticky":false,"template":"","format":"standard","meta":[],"categories":[43],"tags":[],"_links":{"self":[{"href":"https:\/\/www.sistemagestaoescolar.com.br\/blogbravo\/wp-json\/wp\/v2\/posts\/3382"}],"collection":[{"href":"https:\/\/www.sistemagestaoescolar.com.br\/blogbravo\/wp-json\/wp\/v2\/posts"}],"about":[{"href":"https:\/\/www.sistemagestaoescolar.com.br\/blogbravo\/wp-json\/wp\/v2\/types\/post"}],"author":[{"embeddable":true,"href":"https:\/\/www.sistemagestaoescolar.com.br\/blogbravo\/wp-json\/wp\/v2\/users\/2"}],"replies":[{"embeddable":true,"href":"https:\/\/www.sistemagestaoescolar.com.br\/blogbravo\/wp-json\/wp\/v2\/comments?post=3382"}],"version-history":[{"count":2,"href":"https:\/\/www.sistemagestaoescolar.com.br\/blogbravo\/wp-json\/wp\/v2\/posts\/3382\/revisions"}],"predecessor-version":[{"id":3389,"href":"https:\/\/www.sistemagestaoescolar.com.br\/blogbravo\/wp-json\/wp\/v2\/posts\/3382\/revisions\/3389"}],"wp:attachment":[{"href":"https:\/\/www.sistemagestaoescolar.com.br\/blogbravo\/wp-json\/wp\/v2\/media?parent=3382"}],"wp:term":[{"taxonomy":"category","embeddable":true,"href":"https:\/\/www.sistemagestaoescolar.com.br\/blogbravo\/wp-json\/wp\/v2\/categories?post=3382"},{"taxonomy":"post_tag","embeddable":true,"href":"https:\/\/www.sistemagestaoescolar.com.br\/blogbravo\/wp-json\/wp\/v2\/tags?post=3382"}],"curies":[{"name":"wp","href":"https:\/\/api.w.org\/{rel}","templated":true}]}}