{"id":3366,"date":"2025-11-17T10:18:22","date_gmt":"2025-11-17T13:18:22","guid":{"rendered":"https:\/\/www.sistemagestaoescolar.com.br\/blogbravo\/?p=3366"},"modified":"2025-11-17T10:18:22","modified_gmt":"2025-11-17T13:18:22","slug":"ambiente-do-monitor-oficineiro-e-atividades-complementares","status":"publish","type":"post","link":"https:\/\/www.sistemagestaoescolar.com.br\/blogbravo\/arquivos\/3366","title":{"rendered":"Ambiente do Monitor, Oficineiro e Atividades Complementares"},"content":{"rendered":"\n<p>O contraturno escolar constitui uma estrat\u00e9gia pedag\u00f3gica importante para ampliar oportunidades de aprendizagem, diversificar experi\u00eancias formativas e complementar o curr\u00edculo regular. Em muitas redes municipais, esse per\u00edodo \u00e9 organizado por meio de oficinas, projetos e atividades socioeducativas, que apresentam din\u00e2micas pr\u00f3prias e metodologias diferenciadas. Esse car\u00e1ter particular exige instrumentos de registro que n\u00e3o reproduzam, de forma autom\u00e1tica, as mesmas estruturas avaliativas e operacionais aplicadas \u00e0s disciplinas curriculares.<\/p>\n\n\n\n<p>Com esse prop\u00f3sito, foi desenvolvido um ambiente espec\u00edfico para monitores e oficineiros, estruturado com foco na funcionalidade, objetividade e coer\u00eancia pedag\u00f3gica. Trata-se de um espa\u00e7o enxuto, organizado e orientado para demandas pr\u00e1ticas, garantindo ao contraturno a autonomia necess\u00e1ria para manter registros consistentes e alinhados \u00e0 natureza dessas atividades.<\/p>\n\n\n\n<h2 class=\"wp-block-heading\"><strong>1. Finalidade e Princ\u00edpios do Ambiente<\/strong><\/h2>\n\n\n\n<p>A concep\u00e7\u00e3o do ambiente do monitor tem como base dois princ\u00edpios essenciais:<br><strong>(a) a diferencia\u00e7\u00e3o pedag\u00f3gica<\/strong>, reconhecendo que oficinas n\u00e3o seguem integralmente a l\u00f3gica avaliativa da BNCC; e<br><strong>(b) a simplifica\u00e7\u00e3o administrativa<\/strong>, assegurando que o profissional registre sua atua\u00e7\u00e3o de maneira direta e sem complexidades desnecess\u00e1rias.<\/p>\n\n\n\n<p>Assim, o ambiente foi estruturado para apoiar exclusivamente as demandas operacionais do contraturno, preservando sua identidade pr\u00f3pria e evitando sobrecarga de ferramentas que n\u00e3o fazem parte da rotina desses profissionais. Ele serve como um espa\u00e7o funcional, permitindo que monitores realizem registros de forma organizada e coerente com pr\u00e1ticas pedag\u00f3gicas diversificadas.<\/p>\n\n\n\n<hr class=\"wp-block-separator has-alpha-channel-opacity\"\/>\n\n\n\n<h2 class=\"wp-block-heading\"><strong>2. Ferramentas Dispon\u00edveis: Estrutura M\u00ednima com Alcance Pedag\u00f3gico<\/strong><\/h2>\n\n\n\n<p>Embora minimalista, o ambiente agrega instrumentos essenciais para monitoramento das atividades realizadas no contraturno. Entre eles:<\/p>\n\n\n\n<ul>\n<li><strong>Registro de frequ\u00eancia dos estudantes<\/strong><br>Permite acompanhar a participa\u00e7\u00e3o dos alunos, etapa essencial para controle administrativo, presta\u00e7\u00e3o de contas e an\u00e1lise de engajamento.<\/li>\n\n\n\n<li><strong>Pareceres descritivos<\/strong><br>Ferramenta que possibilita avalia\u00e7\u00f5es qualitativas e contextualizadas, adequadas ao car\u00e1ter formativo das oficinas.<\/li>\n\n\n\n<li><strong>Registro de aulas<\/strong><br>Utilizado por munic\u00edpios que desejam documenta\u00e7\u00e3o mais detalhada das a\u00e7\u00f5es pedag\u00f3gicas desenvolvidas diariamente.<\/li>\n<\/ul>\n\n\n\n<p>Esse conjunto reduzido de funcionalidades n\u00e3o compromete a completude do acompanhamento. Pelo contr\u00e1rio: favorece uma pr\u00e1tica organizada, objetiva e em conson\u00e2ncia com a natureza flex\u00edvel das atividades complementares.<\/p>\n\n\n\n<hr class=\"wp-block-separator has-alpha-channel-opacity\"\/>\n\n\n\n<h2 class=\"wp-block-heading\"><strong>3. Configura\u00e7\u00e3o Estrutural: Inser\u00e7\u00e3o das Oficinas na Matriz Curricular<\/strong><\/h2>\n\n\n\n<p>Para o correto funcionamento do ambiente, \u00e9 imprescind\u00edvel que as oficinas sejam cadastradas no m\u00f3dulo <strong>OFICINAS<\/strong> da matriz curricular.<br>Essa configura\u00e7\u00e3o garante que:<\/p>\n\n\n\n<ul>\n<li>O ambiente seja habilitado automaticamente para monitores;<\/li>\n\n\n\n<li>O sistema reconhe\u00e7a a natureza diferenciada desses componentes;<\/li>\n\n\n\n<li>N\u00e3o haja confus\u00e3o entre oficinas e disciplinas do curr\u00edculo regular;<\/li>\n\n\n\n<li>As ferramentas espec\u00edficas sejam disponibilizadas de forma correta.<\/li>\n<\/ul>\n\n\n\n<p>Quando oficinas s\u00e3o inseridas erroneamente na matriz comum, o sistema interpreta esses componentes como disciplinas regulares, impedindo que o ambiente do monitor seja utilizado e comprometendo a organiza\u00e7\u00e3o pedag\u00f3gica da rede.<\/p>\n\n\n\n<hr class=\"wp-block-separator has-alpha-channel-opacity\"\/>\n\n\n\n<h2 class=\"wp-block-heading\"><strong>4. Registro de Aulas: Flexibilidade na Ades\u00e3o<\/strong><\/h2>\n\n\n\n<p>O contraturno n\u00e3o \u00e9 padronizado entre os munic\u00edpios. Por isso, alguns utilizam o registro de aulas como parte do acompanhamento formal, enquanto outros trabalham apenas com frequ\u00eancia e pareceres.<br>O ambiente contempla ambas as possibilidades.<br>Quando o registro \u00e9 utilizado, a ferramenta oferece:<\/p>\n\n\n\n<ul>\n<li>Estrutura simplificada;<\/li>\n\n\n\n<li>Clareza visual;<\/li>\n\n\n\n<li>Facilidade de preenchimento;<\/li>\n\n\n\n<li>Integra\u00e7\u00e3o com a rotina da oficina.<\/li>\n<\/ul>\n\n\n\n<p>Essa flexibilidade atende \u00e0s diferentes pol\u00edticas municipais, sem impor modelos \u00fanicos e preservando a autonomia das gest\u00f5es locais.<\/p>\n\n\n\n<hr class=\"wp-block-separator has-alpha-channel-opacity\"\/>\n\n\n\n<h2 class=\"wp-block-heading\"><strong>5. Registro de Frequ\u00eancia: Exclusividade do Sistema Web<\/strong><\/h2>\n\n\n\n<p>A frequ\u00eancia das oficinas deve ser registrada exclusivamente pela vers\u00e3o Web. O aplicativo Bravo! Presen\u00e7a, por sua vez, \u00e9 destinado ao atendimento dos professores do componente curricular regular (1\u00ba ao 9\u00ba ano) e n\u00e3o contempla o uso pelo contraturno.<\/p>\n\n\n\n<p>Mesmo assim, o registro via Web mant\u00e9m:<\/p>\n\n\n\n<ul>\n<li>seguran\u00e7a das informa\u00e7\u00f5es;<\/li>\n\n\n\n<li>consist\u00eancia dos dados;<\/li>\n\n\n\n<li>f\u00e1cil acesso para os monitores;<\/li>\n\n\n\n<li>integra\u00e7\u00e3o com relat\u00f3rios e ferramentas gerais.<\/li>\n<\/ul>\n\n\n\n<p>A escolha por um registro centralizado na Web refor\u00e7a padr\u00f5es de confiabilidade e organiza\u00e7\u00e3o da documenta\u00e7\u00e3o pedag\u00f3gica.<\/p>\n\n\n\n<hr class=\"wp-block-separator has-alpha-channel-opacity\"\/>\n\n\n\n<h2 class=\"wp-block-heading\"><strong>6. Procedimentos de Libera\u00e7\u00e3o e Ajustes<\/strong><\/h2>\n\n\n\n<p>Caso o munic\u00edpio deseje ativar o ambiente ou ajustar suas funcionalidades, basta encaminhar of\u00edcio ao analista respons\u00e1vel. A solicita\u00e7\u00e3o ser\u00e1 analisada de acordo com as diretrizes t\u00e9cnicas e com a organiza\u00e7\u00e3o administrativa da Secretaria de Educa\u00e7\u00e3o. Esse processo assegura alinhamento, controle e coer\u00eancia na implanta\u00e7\u00e3o das ferramentas.<\/p>\n\n\n\n<hr class=\"wp-block-separator has-alpha-channel-opacity\"\/>\n\n\n\n<h2 class=\"wp-block-heading\"><strong>Conclus\u00e3o<\/strong><\/h2>\n\n\n\n<p>O ambiente do monitor representa uma solu\u00e7\u00e3o pr\u00e1tica, coerente e institucionalmente robusta para a organiza\u00e7\u00e3o das oficinas e atividades complementares do contraturno escolar. Ao reconhecer a especificidade pedag\u00f3gica desses espa\u00e7os, promove registros mais consistentes, favorece a articula\u00e7\u00e3o entre diferentes modalidades educativas e contribui para um acompanhamento qualificado dos estudantes.<\/p>\n\n\n\n<p>A clareza estrutural, a objetividade das ferramentas e a possibilidade de integra\u00e7\u00e3o com outros m\u00f3dulos fortalecem o planejamento, ampliam a qualidade da gest\u00e3o educacional e asseguram uma documenta\u00e7\u00e3o alinhada \u00e0s pr\u00e1ticas formativas que enriquecem o percurso escolar dos alunos.<\/p>\n\n\n\n<p>Se desejar, posso produzir uma <strong>vers\u00e3o ainda mais acad\u00eamica<\/strong>, um <strong>manual t\u00e9cnico<\/strong>, uma <strong>vers\u00e3o resumida para redes sociais<\/strong> ou uma <strong>vers\u00e3o para material institucional<\/strong>.<\/p>\n","protected":false},"excerpt":{"rendered":"<p>O contraturno escolar constitui uma estrat\u00e9gia pedag\u00f3gica importante para ampliar oportunidades de aprendizagem, diversificar experi\u00eancias formativas e complementar o curr\u00edculo regular. Em muitas redes municipais, esse per\u00edodo \u00e9 organizado por meio de oficinas, projetos e atividades socioeducativas, que apresentam din\u00e2micas pr\u00f3prias e metodologias diferenciadas. Esse car\u00e1ter particular exige instrumentos de registro que n\u00e3o reproduzam, de [&hellip;]<\/p>\n","protected":false},"author":2,"featured_media":0,"comment_status":"closed","ping_status":"open","sticky":false,"template":"","format":"standard","meta":[],"categories":[43],"tags":[],"_links":{"self":[{"href":"https:\/\/www.sistemagestaoescolar.com.br\/blogbravo\/wp-json\/wp\/v2\/posts\/3366"}],"collection":[{"href":"https:\/\/www.sistemagestaoescolar.com.br\/blogbravo\/wp-json\/wp\/v2\/posts"}],"about":[{"href":"https:\/\/www.sistemagestaoescolar.com.br\/blogbravo\/wp-json\/wp\/v2\/types\/post"}],"author":[{"embeddable":true,"href":"https:\/\/www.sistemagestaoescolar.com.br\/blogbravo\/wp-json\/wp\/v2\/users\/2"}],"replies":[{"embeddable":true,"href":"https:\/\/www.sistemagestaoescolar.com.br\/blogbravo\/wp-json\/wp\/v2\/comments?post=3366"}],"version-history":[{"count":1,"href":"https:\/\/www.sistemagestaoescolar.com.br\/blogbravo\/wp-json\/wp\/v2\/posts\/3366\/revisions"}],"predecessor-version":[{"id":3367,"href":"https:\/\/www.sistemagestaoescolar.com.br\/blogbravo\/wp-json\/wp\/v2\/posts\/3366\/revisions\/3367"}],"wp:attachment":[{"href":"https:\/\/www.sistemagestaoescolar.com.br\/blogbravo\/wp-json\/wp\/v2\/media?parent=3366"}],"wp:term":[{"taxonomy":"category","embeddable":true,"href":"https:\/\/www.sistemagestaoescolar.com.br\/blogbravo\/wp-json\/wp\/v2\/categories?post=3366"},{"taxonomy":"post_tag","embeddable":true,"href":"https:\/\/www.sistemagestaoescolar.com.br\/blogbravo\/wp-json\/wp\/v2\/tags?post=3366"}],"curies":[{"name":"wp","href":"https:\/\/api.w.org\/{rel}","templated":true}]}}