{"id":3364,"date":"2025-11-17T10:12:15","date_gmt":"2025-11-17T13:12:15","guid":{"rendered":"https:\/\/www.sistemagestaoescolar.com.br\/blogbravo\/?p=3364"},"modified":"2025-11-17T10:12:15","modified_gmt":"2025-11-17T13:12:15","slug":"gestao-da-grade-de-horarios-dos-professores-organizacao-e-controle-na-rotina-escolar","status":"publish","type":"post","link":"https:\/\/www.sistemagestaoescolar.com.br\/blogbravo\/arquivos\/3364","title":{"rendered":"Gest\u00e3o da Grade de Hor\u00e1rios dos Professores \u2013 Organiza\u00e7\u00e3o e Controle na Rotina Escolar"},"content":{"rendered":"\n<p>A organiza\u00e7\u00e3o da carga hor\u00e1ria docente \u00e9 um dos elementos estruturantes da gest\u00e3o escolar. Quando bem planejada, favorece a distribui\u00e7\u00e3o equilibrada das aulas, otimiza o uso do tempo, evita sobreposi\u00e7\u00f5es e contribui diretamente para a qualidade do trabalho pedag\u00f3gico. Para apoiar esse processo de forma sistem\u00e1tica, foi disponibilizada uma ferramenta espec\u00edfica de <strong>Gest\u00e3o da Grade de Hor\u00e1rios<\/strong>, que oferece recursos completos para o planejamento, configura\u00e7\u00e3o e acompanhamento da rotina semanal das turmas e dos professores.<br>Com ela, o ambiente escolar ganha maior previsibilidade, transpar\u00eancia e alinhamento interno.<\/p>\n\n\n\n<h2 class=\"wp-block-heading\"><strong>1. O que \u00e9 a Gest\u00e3o da Grade de Hor\u00e1rios?<\/strong><\/h2>\n\n\n\n<p>Trata-se de um m\u00f3dulo desenvolvido para que gestores possam construir e registrar a grade semanal de cada docente, definindo de forma estruturada:<\/p>\n\n\n\n<ul>\n<li>Dias de aula<\/li>\n\n\n\n<li>Componentes curriculares<\/li>\n\n\n\n<li>Hor\u00e1rios correspondentes<\/li>\n\n\n\n<li>Per\u00edodos de vig\u00eancia (semanal, quinzenal, mensal ou personalizado)<\/li>\n<\/ul>\n\n\n\n<p>Toda a organiza\u00e7\u00e3o ocorre diretamente na tela da turma, em uma interface clara e de f\u00e1cil visualiza\u00e7\u00e3o, permitindo que o planejamento seja entendido rapidamente por todos os envolvidos.<\/p>\n\n\n\n<hr class=\"wp-block-separator has-alpha-channel-opacity\"\/>\n\n\n\n<h2 class=\"wp-block-heading\"><strong>2. Como funciona a organiza\u00e7\u00e3o da grade?<\/strong><\/h2>\n\n\n\n<p>A estrutura\u00e7\u00e3o \u00e9 realizada de forma pr\u00e1tica e intuitiva, por meio do m\u00e9todo de arrastar e soltar. O gestor pode organizar at\u00e9:<\/p>\n\n\n\n<ul>\n<li><strong>10 hor\u00e1rios di\u00e1rios<\/strong><\/li>\n\n\n\n<li><strong>Turmas com funcionamento de segunda a s\u00e1bado<\/strong><\/li>\n<\/ul>\n\n\n\n<p>O processo segue uma sequ\u00eancia l\u00f3gica:<\/p>\n\n\n\n<ol>\n<li>Acessar a turma;<\/li>\n\n\n\n<li>Selecionar o per\u00edodo desejado;<\/li>\n\n\n\n<li>Arrastar cada disciplina para o dia e hor\u00e1rio correspondente;<\/li>\n\n\n\n<li>Salvar o planejamento.<\/li>\n<\/ol>\n\n\n\n<p>Ap\u00f3s a conclus\u00e3o, a grade \u00e9 automaticamente integrada \u00e0s demais funcionalidades do sistema, garantindo coer\u00eancia entre planejamento e execu\u00e7\u00e3o.<\/p>\n\n\n\n<hr class=\"wp-block-separator has-alpha-channel-opacity\"\/>\n\n\n\n<h2 class=\"wp-block-heading\"><strong>3. Benef\u00edcios e controles autom\u00e1ticos<\/strong><\/h2>\n\n\n\n<p>A ferramenta n\u00e3o apenas estrutura hor\u00e1rios; ela tamb\u00e9m ativa mecanismos de controle que asseguram consist\u00eancia e seguran\u00e7a nas informa\u00e7\u00f5es registradas. Entre os principais recursos, destacam-se:<\/p>\n\n\n\n<h3 class=\"wp-block-heading\"><strong>3.1. Bloqueio de dias sem aula<\/strong><\/h3>\n\n\n\n<p>Evita que docentes registrem aulas em dias n\u00e3o previstos na grade, eliminando lan\u00e7amentos indevidos e refor\u00e7ando a integridade dos dados acad\u00eamicos.<\/p>\n\n\n\n<h3 class=\"wp-block-heading\"><strong>3.2. Acompanhamento da carga hor\u00e1ria<\/strong><\/h3>\n\n\n\n<p>O sistema realiza verifica\u00e7\u00f5es autom\u00e1ticas relacionadas a:<\/p>\n\n\n\n<ul>\n<li>Quantidade de registros realizados<\/li>\n\n\n\n<li>Faltas aplicadas<\/li>\n\n\n\n<li>Compatibilidade com a carga hor\u00e1ria prevista no planejamento<\/li>\n<\/ul>\n\n\n\n<p>Esse acompanhamento cont\u00ednuo permite detectar inconsist\u00eancias de maneira \u00e1gil, apoiando o controle pedag\u00f3gico e administrativo da escola.<\/p>\n\n\n\n<hr class=\"wp-block-separator has-alpha-channel-opacity\"\/>\n\n\n\n<h2 class=\"wp-block-heading\"><strong>4. Principais vantagens da ferramenta<\/strong><\/h2>\n\n\n\n<p>A ado\u00e7\u00e3o da Gest\u00e3o da Grade de Hor\u00e1rios fortalece pr\u00e1ticas organizacionais essenciais no ambiente educacional. Entre os benef\u00edcios mais expressivos, est\u00e3o:<\/p>\n\n\n\n<h3 class=\"wp-block-heading\"><strong>4.1. Padroniza\u00e7\u00e3o dos processos escolares<\/strong><\/h3>\n\n\n\n<p>Ao centralizar a configura\u00e7\u00e3o dos hor\u00e1rios, a escola ganha um modelo \u00fanico de organiza\u00e7\u00e3o, reduzindo diverg\u00eancias e facilitando auditorias internas.<\/p>\n\n\n\n<h3 class=\"wp-block-heading\"><strong>4.2. Melhoria na qualidade dos registros acad\u00eamicos<\/strong><\/h3>\n\n\n\n<p>A precis\u00e3o na distribui\u00e7\u00e3o das aulas diminui erros e lacunas, resultando em relat\u00f3rios mais confi\u00e1veis e alinhados ao planejamento pedag\u00f3gico.<\/p>\n\n\n\n<h3 class=\"wp-block-heading\"><strong>4.3. Suporte direto ao trabalho docente<\/strong><\/h3>\n\n\n\n<p>Professores passam a operar com maior clareza sobre sua rotina, o que favorece a gest\u00e3o do tempo, a prepara\u00e7\u00e3o das aulas e a execu\u00e7\u00e3o das atividades semanais.<\/p>\n\n\n\n<h3 class=\"wp-block-heading\"><strong>4.4. Maior efici\u00eancia na gest\u00e3o pedag\u00f3gica<\/strong><\/h3>\n\n\n\n<p>Coordenadores e diretores conseguem acompanhar de forma estruturada a din\u00e2mica de cada turma, identificar problemas rapidamente e ajustar pr\u00e1ticas quando necess\u00e1rio.<\/p>\n\n\n\n<h3 class=\"wp-block-heading\"><strong>4.5. Integra\u00e7\u00e3o com processos administrativos<\/strong><\/h3>\n\n\n\n<p>A grade estruturada dialoga com outros m\u00f3dulos, garantindo fluidez na consolida\u00e7\u00e3o de registros, relat\u00f3rios, frequ\u00eancia e demais opera\u00e7\u00f5es escolares.<\/p>\n\n\n\n<hr class=\"wp-block-separator has-alpha-channel-opacity\"\/>\n\n\n\n<h2 class=\"wp-block-heading\"><strong>5. Como solicitar a libera\u00e7\u00e3o da ferramenta?<\/strong><\/h2>\n\n\n\n<p>Para ativa\u00e7\u00e3o do m\u00f3dulo, o munic\u00edpio deve encaminhar um <strong>of\u00edcio de solicita\u00e7\u00e3o<\/strong> ao analista respons\u00e1vel pelo atendimento.<br>A libera\u00e7\u00e3o ocorre ap\u00f3s an\u00e1lise t\u00e9cnica e alinhamento com a Secretaria de Educa\u00e7\u00e3o, assegurando que o uso seja adequado \u00e0 realidade local.<\/p>\n\n\n\n<hr class=\"wp-block-separator has-alpha-channel-opacity\"\/>\n\n\n\n<h2 class=\"wp-block-heading\"><strong>6. Importante: organiza\u00e7\u00e3o manual da grade<\/strong><\/h2>\n\n\n\n<p>Embora complete e integrada, a ferramenta <strong>n\u00e3o realiza a montagem autom\u00e1tica dos hor\u00e1rios<\/strong>.<br>A estrutura\u00e7\u00e3o deve ser feita previamente pela equipe escolar, considerando:<\/p>\n\n\n\n<ul>\n<li>A carga hor\u00e1ria de cada componente curricular<\/li>\n\n\n\n<li>A disponibilidade dos docentes<\/li>\n\n\n\n<li>A distribui\u00e7\u00e3o equilibrada das aulas na semana<\/li>\n\n\n\n<li>As especificidades pedag\u00f3gicas de cada turma<\/li>\n<\/ul>\n\n\n\n<p>Somente ap\u00f3s esse planejamento interno \u00e9 que a configura\u00e7\u00e3o deve ser registrada no sistema. Essa etapa \u00e9 indispens\u00e1vel para garantir que as informa\u00e7\u00f5es refletir\u00e3o a realidade semanal da escola.<\/p>\n\n\n\n<hr class=\"wp-block-separator has-alpha-channel-opacity\"\/>\n\n\n\n<h2 class=\"wp-block-heading\"><strong>Conclus\u00e3o<\/strong><\/h2>\n\n\n\n<p>A Gest\u00e3o da Grade de Hor\u00e1rios representa um importante avan\u00e7o na organiza\u00e7\u00e3o escolar, contribuindo para processos mais estruturados, seguros e coerentes com as demandas pedag\u00f3gicas. Ao oferecer uma interface clara, controles autom\u00e1ticos e integra\u00e7\u00e3o com outros m\u00f3dulos, a ferramenta fortalece a governan\u00e7a educacional e aprimora o acompanhamento da rotina docente e discente.<br>Sua ado\u00e7\u00e3o promove maior efici\u00eancia administrativa e consolida pr\u00e1ticas de planejamento que impactam diretamente a qualidade do trabalho escolar.<\/p>\n","protected":false},"excerpt":{"rendered":"<p>A organiza\u00e7\u00e3o da carga hor\u00e1ria docente \u00e9 um dos elementos estruturantes da gest\u00e3o escolar. Quando bem planejada, favorece a distribui\u00e7\u00e3o equilibrada das aulas, otimiza o uso do tempo, evita sobreposi\u00e7\u00f5es e contribui diretamente para a qualidade do trabalho pedag\u00f3gico. Para apoiar esse processo de forma sistem\u00e1tica, foi disponibilizada uma ferramenta espec\u00edfica de Gest\u00e3o da Grade [&hellip;]<\/p>\n","protected":false},"author":2,"featured_media":0,"comment_status":"closed","ping_status":"open","sticky":false,"template":"","format":"standard","meta":[],"categories":[43],"tags":[],"_links":{"self":[{"href":"https:\/\/www.sistemagestaoescolar.com.br\/blogbravo\/wp-json\/wp\/v2\/posts\/3364"}],"collection":[{"href":"https:\/\/www.sistemagestaoescolar.com.br\/blogbravo\/wp-json\/wp\/v2\/posts"}],"about":[{"href":"https:\/\/www.sistemagestaoescolar.com.br\/blogbravo\/wp-json\/wp\/v2\/types\/post"}],"author":[{"embeddable":true,"href":"https:\/\/www.sistemagestaoescolar.com.br\/blogbravo\/wp-json\/wp\/v2\/users\/2"}],"replies":[{"embeddable":true,"href":"https:\/\/www.sistemagestaoescolar.com.br\/blogbravo\/wp-json\/wp\/v2\/comments?post=3364"}],"version-history":[{"count":1,"href":"https:\/\/www.sistemagestaoescolar.com.br\/blogbravo\/wp-json\/wp\/v2\/posts\/3364\/revisions"}],"predecessor-version":[{"id":3365,"href":"https:\/\/www.sistemagestaoescolar.com.br\/blogbravo\/wp-json\/wp\/v2\/posts\/3364\/revisions\/3365"}],"wp:attachment":[{"href":"https:\/\/www.sistemagestaoescolar.com.br\/blogbravo\/wp-json\/wp\/v2\/media?parent=3364"}],"wp:term":[{"taxonomy":"category","embeddable":true,"href":"https:\/\/www.sistemagestaoescolar.com.br\/blogbravo\/wp-json\/wp\/v2\/categories?post=3364"},{"taxonomy":"post_tag","embeddable":true,"href":"https:\/\/www.sistemagestaoescolar.com.br\/blogbravo\/wp-json\/wp\/v2\/tags?post=3364"}],"curies":[{"name":"wp","href":"https:\/\/api.w.org\/{rel}","templated":true}]}}