{"id":3362,"date":"2025-11-17T10:02:10","date_gmt":"2025-11-17T13:02:10","guid":{"rendered":"https:\/\/www.sistemagestaoescolar.com.br\/blogbravo\/?p=3362"},"modified":"2025-11-17T10:02:10","modified_gmt":"2025-11-17T13:02:10","slug":"gestao-de-materiais-e-midias-organizacao-completa-para-escolas-e-secretarias","status":"publish","type":"post","link":"https:\/\/www.sistemagestaoescolar.com.br\/blogbravo\/arquivos\/3362","title":{"rendered":"Gest\u00e3o de Materiais e M\u00eddias \u2013 Organiza\u00e7\u00e3o Completa para Escolas e Secretarias"},"content":{"rendered":"\n<p>A crescente complexidade das demandas pedag\u00f3gicas e administrativas exige que as redes de ensino adotem solu\u00e7\u00f5es tecnol\u00f3gicas capazes de integrar informa\u00e7\u00f5es, otimizar fluxos de trabalho e garantir o acesso seguro a documentos essenciais. Nesse contexto, o <strong>M\u00f3dulo de Materiais e M\u00eddias<\/strong> se consolida como uma ferramenta estrat\u00e9gica, voltada \u00e0 gest\u00e3o qualificada de arquivos institucionais, conte\u00fados pedag\u00f3gicos e materiais de apoio.<\/p>\n\n\n\n<p><br>O recurso promove uma vis\u00e3o sist\u00eamica da documenta\u00e7\u00e3o da rede e se alinha \u00e0s pr\u00e1ticas contempor\u00e2neas de gest\u00e3o educacional orientada por dados, organiza\u00e7\u00e3o e acessibilidade.<\/p>\n\n\n\n<h2 class=\"wp-block-heading\"><strong>1. Caracteriza\u00e7\u00e3o do M\u00f3dulo de Materiais e M\u00eddias<\/strong><\/h2>\n\n\n\n<p>O m\u00f3dulo funciona como um reposit\u00f3rio digital centralizado, destinado ao armazenamento e \u00e0 organiza\u00e7\u00e3o de arquivos de diferentes naturezas, como:<\/p>\n\n\n\n<ul>\n<li>Documentos em PDF;<\/li>\n\n\n\n<li>Fotografias;<\/li>\n\n\n\n<li>Imagens diversas;<\/li>\n\n\n\n<li>Materiais did\u00e1ticos;<\/li>\n\n\n\n<li>Documentos administrativos;<\/li>\n\n\n\n<li>Arquivos de apoio pedag\u00f3gico.<\/li>\n<\/ul>\n\n\n\n<p>A estrutura foi projetada para garantir que todos os materiais relevantes \u00e0 Secretaria de Educa\u00e7\u00e3o, \u00e0s escolas e aos docentes sejam mantidos em um \u00fanico ambiente integrado, reduzindo a fragmenta\u00e7\u00e3o de informa\u00e7\u00f5es e contribuindo para a padroniza\u00e7\u00e3o dos processos.<\/p>\n\n\n\n<hr class=\"wp-block-separator has-alpha-channel-opacity\"\/>\n\n\n\n<h2 class=\"wp-block-heading\"><strong>2. Contribui\u00e7\u00f5es para a Secretaria de Educa\u00e7\u00e3o<\/strong><\/h2>\n\n\n\n<p>No \u00e2mbito da gest\u00e3o central, o m\u00f3dulo desempenha um papel fundamental ao permitir que a Secretaria organize e disponibilize suas produ\u00e7\u00f5es institucionais com maior efici\u00eancia e controle. Dentre suas principais utilidades, destacam-se:<\/p>\n\n\n\n<ul>\n<li><strong>Publica\u00e7\u00e3o de documentos oficiais<\/strong>, como portarias, normativas, instru\u00e7\u00f5es e comunicados;<\/li>\n\n\n\n<li><strong>Organiza\u00e7\u00e3o de materiais de forma\u00e7\u00e3o continuada<\/strong>, garantindo acesso ampliado e permanente aos profissionais da rede;<\/li>\n\n\n\n<li><strong>Divulga\u00e7\u00e3o de orienta\u00e7\u00f5es pedag\u00f3gicas<\/strong>, planos, cronogramas e diretrizes;<\/li>\n\n\n\n<li><strong>Manuten\u00e7\u00e3o de arquivos estrat\u00e9gicos<\/strong>, assegurando preserva\u00e7\u00e3o e recupera\u00e7\u00e3o r\u00e1pida das informa\u00e7\u00f5es.<\/li>\n<\/ul>\n\n\n\n<p>A centraliza\u00e7\u00e3o desses documentos contribui para a <strong>uniformiza\u00e7\u00e3o das pr\u00e1ticas<\/strong>, fortalece a comunica\u00e7\u00e3o institucional e reduz a assimetria de informa\u00e7\u00f5es entre escolas e equipes t\u00e9cnicas.<\/p>\n\n\n\n<hr class=\"wp-block-separator has-alpha-channel-opacity\"\/>\n\n\n\n<h2 class=\"wp-block-heading\"><strong>3. Benef\u00edcios para o trabalho docente<\/strong><\/h2>\n\n\n\n<p>No cotidiano pedag\u00f3gico, o m\u00f3dulo atua como um facilitador dos processos de planejamento, estudo e acompanhamento das orienta\u00e7\u00f5es da rede. Os professores podem:<\/p>\n\n\n\n<ul>\n<li>Acessar de forma r\u00e1pida os materiais disponibilizados pela Secretaria;<\/li>\n\n\n\n<li>Organizar seus pr\u00f3prios arquivos did\u00e1ticos em um espa\u00e7o seguro;<\/li>\n\n\n\n<li>Manter registros e documentos pedag\u00f3gicos de forma integrada;<\/li>\n\n\n\n<li>Consultar conte\u00fados espec\u00edficos de sua etapa, escola ou turma;<\/li>\n\n\n\n<li>Evitar a perda ou dispers\u00e3o de arquivos, comuns quando dependem de m\u00eddias pessoais.<\/li>\n<\/ul>\n\n\n\n<p>Al\u00e9m de otimizar o tempo do docente, o acesso centralizado favorece a coer\u00eancia das pr\u00e1ticas pedag\u00f3gicas e contribui para a continuidade das a\u00e7\u00f5es em caso de mudan\u00e7as de equipe.<\/p>\n\n\n\n<hr class=\"wp-block-separator has-alpha-channel-opacity\"\/>\n\n\n\n<h2 class=\"wp-block-heading\"><strong>4. Relev\u00e2ncia pedag\u00f3gica e administrativa<\/strong><\/h2>\n\n\n\n<p>O M\u00f3dulo de Materiais e M\u00eddias se destaca por integrar aspectos administrativos e pedag\u00f3gicos, contribuindo para uma gest\u00e3o eficiente e alinhada \u00e0s exig\u00eancias contempor\u00e2neas da educa\u00e7\u00e3o. Sua import\u00e2ncia reside na capacidade de promover:<\/p>\n\n\n\n<ul>\n<li><strong>Organiza\u00e7\u00e3o centralizada<\/strong> dos materiais institucionais;<\/li>\n\n\n\n<li><strong>Facilidade e rapidez no acesso<\/strong> a documentos essenciais;<\/li>\n\n\n\n<li><strong>Melhoria no fluxo de comunica\u00e7\u00e3o<\/strong> entre Secretaria, escolas e professores;<\/li>\n\n\n\n<li><strong>Padroniza\u00e7\u00e3o dos conte\u00fados<\/strong> compartilhados na rede;<\/li>\n\n\n\n<li><strong>Seguran\u00e7a e preserva\u00e7\u00e3o<\/strong> de arquivos estrat\u00e9gicos;<\/li>\n\n\n\n<li><strong>Integra\u00e7\u00e3o total<\/strong> com os demais processos e m\u00f3dulos do sistema.<\/li>\n<\/ul>\n\n\n\n<p>Essa combina\u00e7\u00e3o fortalece tanto a administra\u00e7\u00e3o educacional quanto a pr\u00e1tica docente, contribuindo para ambientes escolares mais organizados, informados e eficientes.<\/p>\n\n\n\n<hr class=\"wp-block-separator has-alpha-channel-opacity\"\/>\n\n\n\n<h2 class=\"wp-block-heading\"><strong>Conclus\u00e3o<\/strong><\/h2>\n\n\n\n<p>O <strong>M\u00f3dulo de Materiais e M\u00eddias<\/strong> evidencia o compromisso com uma gest\u00e3o educacional moderna, estruturada e orientada para a qualidade. Ao oferecer um espa\u00e7o centralizado, seguro e integrado para a organiza\u00e7\u00e3o de documentos, o recurso melhora substancialmente a comunica\u00e7\u00e3o institucional, sustenta pr\u00e1ticas pedag\u00f3gicas mais consistentes e favorece a tomada de decis\u00e3o baseada em informa\u00e7\u00f5es confi\u00e1veis.<br>Assim, torna-se um elemento essencial para redes que buscam elevar a efici\u00eancia administrativa, promover transpar\u00eancia e qualificar o trabalho pedag\u00f3gico de professores e gestores.<\/p>\n","protected":false},"excerpt":{"rendered":"<p>A crescente complexidade das demandas pedag\u00f3gicas e administrativas exige que as redes de ensino adotem solu\u00e7\u00f5es tecnol\u00f3gicas capazes de integrar informa\u00e7\u00f5es, otimizar fluxos de trabalho e garantir o acesso seguro a documentos essenciais. Nesse contexto, o M\u00f3dulo de Materiais e M\u00eddias se consolida como uma ferramenta estrat\u00e9gica, voltada \u00e0 gest\u00e3o qualificada de arquivos institucionais, conte\u00fados [&hellip;]<\/p>\n","protected":false},"author":2,"featured_media":0,"comment_status":"closed","ping_status":"open","sticky":false,"template":"","format":"standard","meta":[],"categories":[43],"tags":[],"_links":{"self":[{"href":"https:\/\/www.sistemagestaoescolar.com.br\/blogbravo\/wp-json\/wp\/v2\/posts\/3362"}],"collection":[{"href":"https:\/\/www.sistemagestaoescolar.com.br\/blogbravo\/wp-json\/wp\/v2\/posts"}],"about":[{"href":"https:\/\/www.sistemagestaoescolar.com.br\/blogbravo\/wp-json\/wp\/v2\/types\/post"}],"author":[{"embeddable":true,"href":"https:\/\/www.sistemagestaoescolar.com.br\/blogbravo\/wp-json\/wp\/v2\/users\/2"}],"replies":[{"embeddable":true,"href":"https:\/\/www.sistemagestaoescolar.com.br\/blogbravo\/wp-json\/wp\/v2\/comments?post=3362"}],"version-history":[{"count":1,"href":"https:\/\/www.sistemagestaoescolar.com.br\/blogbravo\/wp-json\/wp\/v2\/posts\/3362\/revisions"}],"predecessor-version":[{"id":3363,"href":"https:\/\/www.sistemagestaoescolar.com.br\/blogbravo\/wp-json\/wp\/v2\/posts\/3362\/revisions\/3363"}],"wp:attachment":[{"href":"https:\/\/www.sistemagestaoescolar.com.br\/blogbravo\/wp-json\/wp\/v2\/media?parent=3362"}],"wp:term":[{"taxonomy":"category","embeddable":true,"href":"https:\/\/www.sistemagestaoescolar.com.br\/blogbravo\/wp-json\/wp\/v2\/categories?post=3362"},{"taxonomy":"post_tag","embeddable":true,"href":"https:\/\/www.sistemagestaoescolar.com.br\/blogbravo\/wp-json\/wp\/v2\/tags?post=3362"}],"curies":[{"name":"wp","href":"https:\/\/api.w.org\/{rel}","templated":true}]}}