{"id":3349,"date":"2025-11-17T09:15:40","date_gmt":"2025-11-17T12:15:40","guid":{"rendered":"https:\/\/www.sistemagestaoescolar.com.br\/blogbravo\/?p=3349"},"modified":"2025-11-17T09:15:40","modified_gmt":"2025-11-17T12:15:40","slug":"registro-de-aulas-vinculado-ao-documento-curricular-docr","status":"publish","type":"post","link":"https:\/\/www.sistemagestaoescolar.com.br\/blogbravo\/arquivos\/3349","title":{"rendered":"Registro de Aulas Vinculado ao Documento Curricular (DOCR)"},"content":{"rendered":"\n<p>O Registro de Aulas Vinculado ao Documento Curricular Referencial (DOCR) constitui uma das ferramentas mais estrat\u00e9gicas, pois estabelece uma conex\u00e3o direta entre o planejamento curricular e os registros pedag\u00f3gicos realizados pelos professores. Ao integrar o di\u00e1rio de classe ao documento curricular oficial da rede, essa funcionalidade garante que todo o processo de registro seja orientado pelas habilidades previstas, promovendo maior coer\u00eancia, efici\u00eancia e organiza\u00e7\u00e3o na pr\u00e1tica docente.<\/p>\n\n\n\n<p>Trata-se de uma solu\u00e7\u00e3o que moderniza a din\u00e2mica pedag\u00f3gica, reduz a sobrecarga de trabalho dos professores e fortalece a padroniza\u00e7\u00e3o do ensino em todas as escolas do munic\u00edpio.<\/p>\n\n\n\n<h2 class=\"wp-block-heading\"><strong>1. O que \u00e9 o Registro de Aulas Vinculado ao DOCR?<\/strong><\/h2>\n\n\n\n<p>Essa funcionalidade permite que todas as habilidades do Documento Curricular \u2014 seja municipal, estadual ou produzido de forma colaborativa \u2014 sejam inseridas no SGE Bravo! e classificadas de maneira sistematizada, considerando:<\/p>\n\n\n\n<ul>\n<li>Etapa de ensino;<\/li>\n\n\n\n<li>Componente curricular;<\/li>\n\n\n\n<li>Tema ou unidade tem\u00e1tica;<\/li>\n\n\n\n<li>Campos de experi\u00eancia, eixos, habilidades e c\u00f3digos;<\/li>\n\n\n\n<li>Outros agrupamentos pedag\u00f3gicos adotados pela rede.<\/li>\n<\/ul>\n\n\n\n<p>Com isso, ao realizar o registro da aula, o professor n\u00e3o precisa redigir longos textos descritivos. Basta selecionar a habilidade trabalhada, j\u00e1 organizada conforme o planejamento curricular da rede.<\/p>\n\n\n\n<p>Esse modelo assegura que o registro pedag\u00f3gico esteja sempre alinhado \u00e0 intencionalidade did\u00e1tica da aula e ao desenvolvimento da aprendizagem do estudante.<\/p>\n\n\n\n<hr class=\"wp-block-separator has-alpha-channel-opacity\"\/>\n\n\n\n<h2 class=\"wp-block-heading\"><strong>2. Benef\u00edcios diretos para o professor<\/strong><\/h2>\n\n\n\n<p>A ado\u00e7\u00e3o do modelo vinculado ao DOCR promove vantagens pr\u00e1ticas e imediatas:<\/p>\n\n\n\n<h3 class=\"wp-block-heading\"><strong>2.1. Agilidade e economia de tempo<\/strong><\/h3>\n\n\n\n<p>Ao substituir descri\u00e7\u00f5es manuais por sele\u00e7\u00f5es automatizadas, o professor registra sua aula em menos tempo, sem perder qualidade pedag\u00f3gica.<\/p>\n\n\n\n<h3 class=\"wp-block-heading\"><strong>2.2. Organiza\u00e7\u00e3o e clareza do registro<\/strong><\/h3>\n\n\n\n<p>Cada habilidade \u00e9 padronizada conforme a proposta curricular da rede, garantindo uniformidade e clareza nos registros.<\/p>\n\n\n\n<h3 class=\"wp-block-heading\"><strong>2.3. Redu\u00e7\u00e3o de erros e retrabalho<\/strong><\/h3>\n\n\n\n<p>O professor n\u00e3o precisa digitar textos repetitivos ou consultar documentos externos para registrar suas aulas. Tudo est\u00e1 dispon\u00edvel diretamente no sistema.<\/p>\n\n\n\n<h3 class=\"wp-block-heading\"><strong>2.4. Coer\u00eancia pedag\u00f3gica<\/strong><\/h3>\n\n\n\n<p>As aulas registradas refletem com precis\u00e3o o que est\u00e1 previsto no documento curricular, fortalecendo o alinhamento entre planejamento, execu\u00e7\u00e3o e avalia\u00e7\u00e3o.<\/p>\n\n\n\n<h3 class=\"wp-block-heading\"><strong>2.5. Foco na pr\u00e1tica docente<\/strong><\/h3>\n\n\n\n<p>Com um processo mais r\u00e1pido e intuitivo, o professor pode dedicar seu tempo ao acompanhamento dos estudantes e ao desenvolvimento das atividades pedag\u00f3gicas.<\/p>\n\n\n\n<hr class=\"wp-block-separator has-alpha-channel-opacity\"\/>\n\n\n\n<h2 class=\"wp-block-heading\"><strong>3. Quando o munic\u00edpio deve ativar esse modelo?<\/strong><\/h2>\n\n\n\n<p>A ativa\u00e7\u00e3o deve ocorrer em momentos estrat\u00e9gicos para evitar inconsist\u00eancias nos registros:<\/p>\n\n\n\n<ul>\n<li><strong>No final do ano letivo<\/strong>, durante o planejamento pedag\u00f3gico do ano seguinte; ou<\/li>\n\n\n\n<li><strong>No in\u00edcio do ano letivo<\/strong>, antes do primeiro dia de aula.<\/li>\n<\/ul>\n\n\n\n<p>Dessa maneira, toda a rede trabalha com o mesmo padr\u00e3o de registro desde o in\u00edcio do ano escolar, garantindo continuidade, organiza\u00e7\u00e3o e estabilidade dos dados.<\/p>\n\n\n\n<hr class=\"wp-block-separator has-alpha-channel-opacity\"\/>\n\n\n\n<h2 class=\"wp-block-heading\"><strong>4. Por que n\u00e3o \u00e9 recomendada a altera\u00e7\u00e3o durante o ano letivo?<\/strong><\/h2>\n\n\n\n<p>Alterar o modelo com o ano em andamento pode causar s\u00e9rios impactos na organiza\u00e7\u00e3o pedag\u00f3gica e administrativa, tais como:<\/p>\n\n\n\n<ul>\n<li>Diverg\u00eancia entre registros j\u00e1 lan\u00e7ados e o novo formato;<\/li>\n\n\n\n<li>Inconsist\u00eancia ou perda de dados;<\/li>\n\n\n\n<li>Falhas em relat\u00f3rios, gr\u00e1ficos e indicadores;<\/li>\n\n\n\n<li>Desalinhamento dos registros entre escolas e professores;<\/li>\n\n\n\n<li>Aumento do retrabalho das equipes pedag\u00f3gicas;<\/li>\n\n\n\n<li>Comprometimento da padroniza\u00e7\u00e3o ao longo do ano.<\/li>\n<\/ul>\n\n\n\n<p>Por isso, uma vez definido, o modelo permanece est\u00e1vel at\u00e9 o encerramento do per\u00edodo letivo.<\/p>\n\n\n\n<hr class=\"wp-block-separator has-alpha-channel-opacity\"\/>\n\n\n\n<h2 class=\"wp-block-heading\"><strong>5. Campos de Digita\u00e7\u00e3o Livre (opcionais)<\/strong><\/h2>\n\n\n\n<p>O munic\u00edpio pode, conforme sua pol\u00edtica pedag\u00f3gica, habilitar at\u00e9 quatro campos adicionais de registro, como:<\/p>\n\n\n\n<ul>\n<li>Objeto do Conhecimento;<\/li>\n\n\n\n<li>Tarefa de Casa;<\/li>\n\n\n\n<li>Observa\u00e7\u00f5es pedag\u00f3gicas;<\/li>\n\n\n\n<li>Descri\u00e7\u00e3o ampliada da aula;<\/li>\n\n\n\n<li>Estrat\u00e9gias metodol\u00f3gicas.<\/li>\n<\/ul>\n\n\n\n<p>Esses campos permitem maior detalhamento, mas devem ser adotados com cautela. Quanto mais campos forem habilitados, maior ser\u00e1 o tempo necess\u00e1rio para o professor concluir o registro di\u00e1rio. Assim, recomenda-se sua ativa\u00e7\u00e3o apenas quando houver necessidade pedag\u00f3gica real.<\/p>\n\n\n\n<hr class=\"wp-block-separator has-alpha-channel-opacity\"\/>\n\n\n\n<h2 class=\"wp-block-heading\"><strong>Conclus\u00e3o<\/strong><\/h2>\n\n\n\n<p>O Registro Vinculado ao Documento Curricular no SGE Bravo! representa uma evolu\u00e7\u00e3o significativa na gest\u00e3o pedag\u00f3gica das redes municipais. Ao integrar o planejamento curricular aos registros di\u00e1rios, o sistema promove padroniza\u00e7\u00e3o, precis\u00e3o e efici\u00eancia. Al\u00e9m disso, reduz a carga administrativa dos professores e assegura que os dados pedag\u00f3gicos estejam sempre alinhados \u00e0s habilidades e objetivos formativos previstos para cada etapa de ensino.<\/p>\n\n\n\n<p>Mais do que uma ferramenta tecnol\u00f3gica, trata-se de um instrumento de fortalecimento da pr\u00e1tica docente e de qualifica\u00e7\u00e3o da gest\u00e3o educacional. Sua ado\u00e7\u00e3o contribui diretamente para uma educa\u00e7\u00e3o mais organizada, coerente, transparente e orientada por evid\u00eancias, beneficiando professores, equipes gestoras e, principalmente, os estudantes.<\/p>\n","protected":false},"excerpt":{"rendered":"<p>O Registro de Aulas Vinculado ao Documento Curricular Referencial (DOCR) constitui uma das ferramentas mais estrat\u00e9gicas, pois estabelece uma conex\u00e3o direta entre o planejamento curricular e os registros pedag\u00f3gicos realizados pelos professores. Ao integrar o di\u00e1rio de classe ao documento curricular oficial da rede, essa funcionalidade garante que todo o processo de registro seja orientado [&hellip;]<\/p>\n","protected":false},"author":2,"featured_media":0,"comment_status":"closed","ping_status":"open","sticky":false,"template":"","format":"standard","meta":[],"categories":[43],"tags":[],"_links":{"self":[{"href":"https:\/\/www.sistemagestaoescolar.com.br\/blogbravo\/wp-json\/wp\/v2\/posts\/3349"}],"collection":[{"href":"https:\/\/www.sistemagestaoescolar.com.br\/blogbravo\/wp-json\/wp\/v2\/posts"}],"about":[{"href":"https:\/\/www.sistemagestaoescolar.com.br\/blogbravo\/wp-json\/wp\/v2\/types\/post"}],"author":[{"embeddable":true,"href":"https:\/\/www.sistemagestaoescolar.com.br\/blogbravo\/wp-json\/wp\/v2\/users\/2"}],"replies":[{"embeddable":true,"href":"https:\/\/www.sistemagestaoescolar.com.br\/blogbravo\/wp-json\/wp\/v2\/comments?post=3349"}],"version-history":[{"count":1,"href":"https:\/\/www.sistemagestaoescolar.com.br\/blogbravo\/wp-json\/wp\/v2\/posts\/3349\/revisions"}],"predecessor-version":[{"id":3350,"href":"https:\/\/www.sistemagestaoescolar.com.br\/blogbravo\/wp-json\/wp\/v2\/posts\/3349\/revisions\/3350"}],"wp:attachment":[{"href":"https:\/\/www.sistemagestaoescolar.com.br\/blogbravo\/wp-json\/wp\/v2\/media?parent=3349"}],"wp:term":[{"taxonomy":"category","embeddable":true,"href":"https:\/\/www.sistemagestaoescolar.com.br\/blogbravo\/wp-json\/wp\/v2\/categories?post=3349"},{"taxonomy":"post_tag","embeddable":true,"href":"https:\/\/www.sistemagestaoescolar.com.br\/blogbravo\/wp-json\/wp\/v2\/tags?post=3349"}],"curies":[{"name":"wp","href":"https:\/\/api.w.org\/{rel}","templated":true}]}}