{"id":3289,"date":"2025-11-11T08:56:41","date_gmt":"2025-11-11T11:56:41","guid":{"rendered":"https:\/\/www.sistemagestaoescolar.com.br\/blogbravo\/?p=3289"},"modified":"2025-11-17T08:24:53","modified_gmt":"2025-11-17T11:24:53","slug":"gestao-academica","status":"publish","type":"post","link":"https:\/\/www.sistemagestaoescolar.com.br\/blogbravo\/arquivos\/3289","title":{"rendered":"Gest\u00e3o Acad\u00eamica"},"content":{"rendered":"\n<figure class=\"wp-block-image size-large\"><img decoding=\"async\" loading=\"lazy\" width=\"1024\" height=\"576\" src=\"https:\/\/www.sistemagestaoescolar.com.br\/blogbravo\/wp-content\/uploads\/2025\/11\/teste-11-1024x576.png\" alt=\"\" class=\"wp-image-3324\" srcset=\"https:\/\/www.sistemagestaoescolar.com.br\/blogbravo\/wp-content\/uploads\/2025\/11\/teste-11-1024x576.png 1024w, https:\/\/www.sistemagestaoescolar.com.br\/blogbravo\/wp-content\/uploads\/2025\/11\/teste-11-300x169.png 300w, https:\/\/www.sistemagestaoescolar.com.br\/blogbravo\/wp-content\/uploads\/2025\/11\/teste-11-768x432.png 768w, https:\/\/www.sistemagestaoescolar.com.br\/blogbravo\/wp-content\/uploads\/2025\/11\/teste-11.png 1280w\" sizes=\"(max-width: 1024px) 100vw, 1024px\" \/><\/figure>\n\n\n\n<p>A Gest\u00e3o Acad\u00eamica representa o cora\u00e7\u00e3o do ambiente educacional digital. \u00c9 atrav\u00e9s dela que o munic\u00edpio organiza o ciclo escolar de forma estruturada \u2014 desde matr\u00edculas e turmas at\u00e9 calend\u00e1rios, disciplinas, hist\u00f3ricos e emiss\u00e3o de documentos oficiais.<\/p>\n\n\n\n<p>Pensando na rotina das Secretarias de Educa\u00e7\u00e3o e nas demandas cotidianas das escolas, o sistema foi projetado para unir <strong>simplicidade, efici\u00eancia e confiabilidade<\/strong>. Cada funcionalidade foi desenvolvida para tornar a administra\u00e7\u00e3o escolar mais organizada, transparente e orientada por dados reais, contribuindo diretamente para o planejamento pedag\u00f3gico e a tomada de decis\u00f5es estrat\u00e9gicas.<\/p>\n\n\n\n<h3 class=\"wp-block-heading\">Acesso Simplificado<\/h3>\n\n\n\n<p>Logo ao acessar o painel da Secretaria de Educa\u00e7\u00e3o, o gestor encontra um ambiente <strong>organizado por categorias<\/strong>, reunindo todos os m\u00f3dulos necess\u00e1rios para o acompanhamento da rede municipal.<br>O acesso \u00e0s funcionalidades \u00e9 controlado por permiss\u00f5es espec\u00edficas, garantindo <strong>seguran\u00e7a, rastreabilidade e sigilo institucional<\/strong> \u2014 fundamentos indispens\u00e1veis para a gest\u00e3o p\u00fablica educacional.<\/p>\n\n\n\n<h3 class=\"wp-block-heading\">Dashboard Acad\u00eamico<\/h3>\n\n\n\n<p>O <strong>Dashboard Acad\u00eamico<\/strong> oferece uma vis\u00e3o consolidada de toda a rede, com indicadores essenciais para o acompanhamento das escolas em tempo real.<br>Entre as principais informa\u00e7\u00f5es exibidas est\u00e3o:<\/p>\n\n\n\n<ul>\n<li>Total de matr\u00edculas ativas;<\/li>\n\n\n\n<li>Quantidade de turmas abertas;<\/li>\n\n\n\n<li>Escolas por modalidade;<\/li>\n\n\n\n<li>Educandos por etapa;<\/li>\n\n\n\n<li>Situa\u00e7\u00e3o das matr\u00edculas (matriculado, transferido, desistente, etc.);<\/li>\n\n\n\n<li>Alertas de pend\u00eancias (alunos sem turma ou dados obrigat\u00f3rios, por exemplo).<\/li>\n<\/ul>\n\n\n\n<p>Esses indicadores apoiam decis\u00f5es r\u00e1pidas, fortalecem o monitoramento pedag\u00f3gico e otimizam a gest\u00e3o das pol\u00edticas educacionais do munic\u00edpio.<\/p>\n\n\n\n<hr class=\"wp-block-separator has-alpha-channel-opacity\"\/>\n\n\n\n<h3 class=\"wp-block-heading\">Gest\u00e3o das Escolas<\/h3>\n\n\n\n<p>O ambiente permite <strong>gerenciar integralmente as unidades escolares<\/strong> da rede municipal.<br>O Secret\u00e1rio pode cadastrar e editar escolas, definir equipes diretivas, atualizar informa\u00e7\u00f5es institucionais e acessar o perfil acad\u00eamico de cada unidade, com quadro de turmas, professores e alunos matriculados.<br>Essa centraliza\u00e7\u00e3o garante <strong>organiza\u00e7\u00e3o, padroniza\u00e7\u00e3o e maior controle sobre o funcionamento da rede<\/strong>.<\/p>\n\n\n\n<hr class=\"wp-block-separator has-alpha-channel-opacity\"\/>\n\n\n\n<h3 class=\"wp-block-heading\">Gest\u00e3o de Matr\u00edculas<\/h3>\n\n\n\n<p>A funcionalidade de matr\u00edcula foi pensada para refletir com precis\u00e3o o fluxo escolar municipal.<br>O gestor pode realizar matr\u00edcula inicial, renova\u00e7\u00e3o autom\u00e1tica, transfer\u00eancias, reclassifica\u00e7\u00f5es e recebimento de alunos de outras redes.<br>Al\u00e9m disso, o sistema <strong>mant\u00e9m o hist\u00f3rico completo de cada estudante<\/strong>, preservando informa\u00e7\u00f5es e documentos que acompanham sua trajet\u00f3ria educacional.<\/p>\n\n\n\n<hr class=\"wp-block-separator has-alpha-channel-opacity\"\/>\n\n\n\n<h3 class=\"wp-block-heading\">Gest\u00e3o de Alunos<\/h3>\n\n\n\n<p>O cadastro de educandos re\u00fane <strong>dados pessoais, familiares, pedag\u00f3gicos e administrativos<\/strong> em um \u00fanico ambiente.<br>\u00c9 poss\u00edvel acompanhar informa\u00e7\u00f5es de respons\u00e1veis legais, laudos, atendimentos, benef\u00edcios, hist\u00f3rico escolar e situa\u00e7\u00e3o atual do estudante.<br>Tamb\u00e9m est\u00e3o dispon\u00edveis campos para registrar observa\u00e7\u00f5es pedag\u00f3gicas, ocorr\u00eancias disciplinares e acompanhamento de inclus\u00e3o, tornando o gerenciamento mais humanizado e eficiente.<\/p>\n\n\n\n<hr class=\"wp-block-separator has-alpha-channel-opacity\"\/>\n\n\n\n<h3 class=\"wp-block-heading\">Configura\u00e7\u00e3o de Componentes Curriculares<\/h3>\n\n\n\n<p>O Secret\u00e1rio pode configurar <strong>componentes curriculares por etapa e modalidade<\/strong>, definindo professores respons\u00e1veis, c\u00f3digos e habilidades curriculares.<br>Essas configura\u00e7\u00f5es alimentam automaticamente os registros de aula, boletins e relat\u00f3rios pedag\u00f3gicos, garantindo <strong>coer\u00eancia e alinhamento curricular em toda a rede<\/strong>.<\/p>\n\n\n\n<hr class=\"wp-block-separator has-alpha-channel-opacity\"\/>\n\n\n\n<h3 class=\"wp-block-heading\">Gest\u00e3o de Turmas<\/h3>\n\n\n\n<p>A cria\u00e7\u00e3o e administra\u00e7\u00e3o de turmas s\u00e3o realizadas de forma simples e integrada.<br>Cada turma \u00e9 vinculada ao ano letivo, \u00e0 unidade escolar, \u00e0 modalidade e aos professores correspondentes.<br>O sistema exibe dados como <strong>quantidade de alunos, frequ\u00eancia geral e situa\u00e7\u00e3o dos di\u00e1rios de classe<\/strong>, assegurando acompanhamento completo e padronizado.<\/p>\n\n\n\n<hr class=\"wp-block-separator has-alpha-channel-opacity\"\/>\n\n\n\n<h3 class=\"wp-block-heading\">Gest\u00e3o de Professores<\/h3>\n\n\n\n<p>O cadastro de docentes contempla informa\u00e7\u00f5es pessoais, forma\u00e7\u00e3o acad\u00eamica, v\u00ednculos, carga hor\u00e1ria e componentes atribu\u00eddos.<br>Tamb\u00e9m \u00e9 poss\u00edvel anexar documentos, registrar dados m\u00e9dicos e alimentares, acompanhar frequ\u00eancia via QR Code e integrar o di\u00e1rio de classe.<br>Essa vis\u00e3o consolidada facilita o planejamento da rede e a distribui\u00e7\u00e3o equilibrada de cargas e turmas.<\/p>\n\n\n\n<hr class=\"wp-block-separator has-alpha-channel-opacity\"\/>\n\n\n\n<h3 class=\"wp-block-heading\">Documenta\u00e7\u00e3o Escolar<\/h3>\n\n\n\n<p>O ambiente oferece acesso direto a <strong>documentos oficiais padronizados<\/strong>, como hist\u00f3ricos escolares, atestados, declara\u00e7\u00f5es, transfer\u00eancias, boletins, atas, cadernetas e relat\u00f3rios diversos.<br>Os modelos seguem normas oficiais e podem ser personalizados conforme o padr\u00e3o adotado pelo munic\u00edpio, garantindo <strong>uniformidade e agilidade na emiss\u00e3o documental<\/strong>.<\/p>\n\n\n\n<hr class=\"wp-block-separator has-alpha-channel-opacity\"\/>\n\n\n\n<h3 class=\"wp-block-heading\">Relat\u00f3rios Acad\u00eamicos<\/h3>\n\n\n\n<p>O sistema disponibiliza <strong>relat\u00f3rios detalhados e configur\u00e1veis<\/strong>, abrangendo:<\/p>\n\n\n\n<ul>\n<li>Matr\u00edculas por escola;<\/li>\n\n\n\n<li>Alunos por etapa e modalidade;<\/li>\n\n\n\n<li>Frequ\u00eancia geral;<\/li>\n\n\n\n<li>Alunos com pend\u00eancias documentais;<\/li>\n\n\n\n<li>Rendimento escolar;<\/li>\n\n\n\n<li>Benef\u00edcios educacionais e programas assistidos.<\/li>\n<\/ul>\n\n\n\n<p>Esses relat\u00f3rios apoiam o <strong>planejamento estrat\u00e9gico, a presta\u00e7\u00e3o de contas e o acompanhamento das metas educacionais<\/strong>, fortalecendo a gest\u00e3o baseada em evid\u00eancias.<\/p>\n\n\n\n<hr class=\"wp-block-separator has-alpha-channel-opacity\"\/>\n\n\n\n<h3 class=\"wp-block-heading\">Acompanhamento do AEE<\/h3>\n\n\n\n<p>Para estudantes com necessidades educacionais espec\u00edficas, o ambiente oferece recursos exclusivos, como <strong>cadastro de laudos, plano individual de atendimento, registro de atividades, indicadores de evolu\u00e7\u00e3o e v\u00ednculo direto com a Sala de Recursos<\/strong>.<br>Essas ferramentas asseguram <strong>acompanhamento pedag\u00f3gico cont\u00ednuo e registro adequado das a\u00e7\u00f5es inclusivas<\/strong>.<\/p>\n\n\n\n<hr class=\"wp-block-separator has-alpha-channel-opacity\"\/>\n\n\n\n<h3 class=\"wp-block-heading\">Integra\u00e7\u00e3o com Transporte e Merenda Escolar<\/h3>\n\n\n\n<p>A Gest\u00e3o Acad\u00eamica tamb\u00e9m se integra a \u00e1reas complementares do cotidiano escolar.<br>\u00c9 poss\u00edvel monitorar <strong>rotas de transporte, pontos de embarque, motoristas e alunos por rota<\/strong>, bem como acompanhar <strong>consumo de merenda, restri\u00e7\u00f5es alimentares e distribui\u00e7\u00e3o de alimentos por escola<\/strong>.<br>Essa integra\u00e7\u00e3o garante <strong>efici\u00eancia log\u00edstica e transpar\u00eancia na execu\u00e7\u00e3o dos programas educacionais<\/strong>.<\/p>\n\n\n\n<hr class=\"wp-block-separator has-alpha-channel-opacity\"\/>\n\n\n\n<h3 class=\"wp-block-heading\">Arquivos e Comunicados<\/h3>\n\n\n\n<p>O m\u00f3dulo de documentos institucionais permite anexar e gerenciar <strong>memorandos, of\u00edcios, orienta\u00e7\u00f5es pedag\u00f3gicas e comunicados<\/strong> diretamente no ambiente digital, centralizando informa\u00e7\u00f5es e fortalecendo a comunica\u00e7\u00e3o entre Secretaria e escolas.<br>Tamb\u00e9m \u00e9 poss\u00edvel <strong>enviar comunicados gerais ou notifica\u00e7\u00f5es de prazos<\/strong>, apoiando o cumprimento de cronogramas e a boa gest\u00e3o das rotinas escolares.<\/p>\n\n\n\n<hr class=\"wp-block-separator has-alpha-channel-opacity\"\/>\n\n\n\n<h3 class=\"wp-block-heading\">Encerramento e Abertura do Ano Letivo<\/h3>\n\n\n\n<p>No encerramento do per\u00edodo letivo, o sistema guia o Secret\u00e1rio em todas as etapas: <strong>fechamento de di\u00e1rios, encerramento de turmas, consolida\u00e7\u00e3o de notas e emiss\u00e3o de documentos finais<\/strong>.<br>Alertas autom\u00e1ticos evitam inconsist\u00eancias e garantem a regularidade dos dados.<br>J\u00e1 na abertura do novo ano, o sistema oferece suporte completo para <strong>cria\u00e7\u00e3o do per\u00edodo, rematr\u00edculas autom\u00e1ticas e ajustes curriculares<\/strong>, assegurando uma transi\u00e7\u00e3o fluida entre ciclos.<\/p>\n\n\n\n<hr class=\"wp-block-separator has-alpha-channel-opacity\"\/>\n\n\n\n<h3 class=\"wp-block-heading\">Principais Vantagens<\/h3>\n\n\n\n<p><strong>1. Centraliza\u00e7\u00e3o das informa\u00e7\u00f5es acad\u00eamicas<\/strong><br>Todos os dados da rede \u2014 desde matr\u00edculas at\u00e9 hist\u00f3ricos escolares \u2014 ficam reunidos em um \u00fanico ambiente digital.<br>Essa centraliza\u00e7\u00e3o evita duplicidade de registros, garante padroniza\u00e7\u00e3o de informa\u00e7\u00f5es e facilita o acesso r\u00e1pido a qualquer dado, sempre com rastreabilidade e seguran\u00e7a.<\/p>\n\n\n\n<p><strong>2. Atualiza\u00e7\u00e3o em tempo real<\/strong><br>Cada a\u00e7\u00e3o realizada no sistema reflete imediatamente em toda a rede, permitindo que o Secret\u00e1rio de Educa\u00e7\u00e3o e as equipes escolares acompanhem informa\u00e7\u00f5es atualizadas e confi\u00e1veis.<br>Isso torna o processo de tomada de decis\u00e3o mais \u00e1gil e embasado em dados reais.<\/p>\n\n\n\n<p><strong>3. Redu\u00e7\u00e3o de relat\u00f3rios manuais<\/strong><br>Com relat\u00f3rios autom\u00e1ticos e personalizados, a equipe n\u00e3o precisa mais realizar compila\u00e7\u00f5es manuais ou cruzamento de planilhas.<br>O sistema gera indicadores prontos para an\u00e1lise, economizando tempo e reduzindo erros humanos.<\/p>\n\n\n\n<p><strong>4. Planejamento mais \u00e1gil e eficiente<\/strong><br>O acompanhamento de indicadores de matr\u00edcula, rendimento e frequ\u00eancia permite planejar o ano letivo com mais precis\u00e3o.<br>Com base nos dados dispon\u00edveis, \u00e9 poss\u00edvel ajustar turmas, distribuir professores e antecipar demandas log\u00edsticas e pedag\u00f3gicas.<\/p>\n\n\n\n<p><strong>5. Vis\u00e3o completa da rede municipal<\/strong><br>A Gest\u00e3o Acad\u00eamica oferece um panorama abrangente das escolas, turmas, professores e estudantes.<br>Essa vis\u00e3o global permite ao Secret\u00e1rio compreender o desempenho geral da rede, identificar gargalos e aplicar pol\u00edticas p\u00fablicas de forma direcionada.<\/p>\n\n\n\n<p><strong>6. Seguran\u00e7a e rastreabilidade das informa\u00e7\u00f5es<\/strong><br>Cada a\u00e7\u00e3o \u00e9 registrada em auditoria interna, garantindo integridade dos dados e transpar\u00eancia nas opera\u00e7\u00f5es.<br>Esse controle fortalece a responsabilidade administrativa e assegura conformidade com as normas da educa\u00e7\u00e3o p\u00fablica.<\/p>\n\n\n\n<p><strong>7. Redu\u00e7\u00e3o de retrabalho e inconsist\u00eancias<\/strong><br>Com processos automatizados e padronizados, a gest\u00e3o evita duplicidades, falhas em registros e retrabalho operacional.<br>Isso libera tempo das equipes para se concentrarem em atividades pedag\u00f3gicas e estrat\u00e9gicas.<\/p>\n\n\n\n<p><strong>8. Integra\u00e7\u00e3o entre setores e m\u00f3dulos<\/strong><br>A comunica\u00e7\u00e3o entre diferentes \u00e1reas \u2014 como transporte, merenda, professores e documenta\u00e7\u00e3o \u2014 cria um fluxo unificado e interdependente.<br>Essa integra\u00e7\u00e3o fortalece a gest\u00e3o como um todo e evita rupturas nos processos escolares.<\/p>\n\n\n\n<p><strong>9. Transpar\u00eancia e suporte \u00e0 gest\u00e3o p\u00fablica<\/strong><br>Com relat\u00f3rios precisos e hist\u00f3ricos sempre acess\u00edveis, o munic\u00edpio consegue demonstrar resultados com clareza, atender auditorias e prestar contas de forma segura e organizada.<\/p>\n\n\n\n<hr class=\"wp-block-separator has-alpha-channel-opacity\"\/>\n\n\n\n<h3 class=\"wp-block-heading\">Conclus\u00e3o<\/h3>\n\n\n\n<p>A Gest\u00e3o Acad\u00eamica foi concebida para <strong>unir tecnologia, organiza\u00e7\u00e3o e vis\u00e3o pedag\u00f3gica<\/strong> em um \u00fanico ambiente.<br>Com ela, o Secret\u00e1rio Municipal de Educa\u00e7\u00e3o disp\u00f5e de uma plataforma robusta, segura e intuitiva para planejar, acompanhar e fortalecer todas as a\u00e7\u00f5es educacionais da rede.<br>Mais do que digitalizar processos, essa ferramenta transforma a rotina administrativa em uma gest\u00e3o integrada, transparente e orientada para resultados.<\/p>\n","protected":false},"excerpt":{"rendered":"<p>A Gest\u00e3o Acad\u00eamica representa o cora\u00e7\u00e3o do ambiente educacional digital. \u00c9 atrav\u00e9s dela que o munic\u00edpio organiza o ciclo escolar de forma estruturada \u2014 desde matr\u00edculas e turmas at\u00e9 calend\u00e1rios, disciplinas, hist\u00f3ricos e emiss\u00e3o de documentos oficiais. Pensando na rotina das Secretarias de Educa\u00e7\u00e3o e nas demandas cotidianas das escolas, o sistema foi projetado para [&hellip;]<\/p>\n","protected":false},"author":2,"featured_media":0,"comment_status":"closed","ping_status":"open","sticky":false,"template":"","format":"standard","meta":[],"categories":[43],"tags":[],"_links":{"self":[{"href":"https:\/\/www.sistemagestaoescolar.com.br\/blogbravo\/wp-json\/wp\/v2\/posts\/3289"}],"collection":[{"href":"https:\/\/www.sistemagestaoescolar.com.br\/blogbravo\/wp-json\/wp\/v2\/posts"}],"about":[{"href":"https:\/\/www.sistemagestaoescolar.com.br\/blogbravo\/wp-json\/wp\/v2\/types\/post"}],"author":[{"embeddable":true,"href":"https:\/\/www.sistemagestaoescolar.com.br\/blogbravo\/wp-json\/wp\/v2\/users\/2"}],"replies":[{"embeddable":true,"href":"https:\/\/www.sistemagestaoescolar.com.br\/blogbravo\/wp-json\/wp\/v2\/comments?post=3289"}],"version-history":[{"count":8,"href":"https:\/\/www.sistemagestaoescolar.com.br\/blogbravo\/wp-json\/wp\/v2\/posts\/3289\/revisions"}],"predecessor-version":[{"id":3336,"href":"https:\/\/www.sistemagestaoescolar.com.br\/blogbravo\/wp-json\/wp\/v2\/posts\/3289\/revisions\/3336"}],"wp:attachment":[{"href":"https:\/\/www.sistemagestaoescolar.com.br\/blogbravo\/wp-json\/wp\/v2\/media?parent=3289"}],"wp:term":[{"taxonomy":"category","embeddable":true,"href":"https:\/\/www.sistemagestaoescolar.com.br\/blogbravo\/wp-json\/wp\/v2\/categories?post=3289"},{"taxonomy":"post_tag","embeddable":true,"href":"https:\/\/www.sistemagestaoescolar.com.br\/blogbravo\/wp-json\/wp\/v2\/tags?post=3289"}],"curies":[{"name":"wp","href":"https:\/\/api.w.org\/{rel}","templated":true}]}}