{"id":2446,"date":"2024-11-26T08:46:53","date_gmt":"2024-11-26T11:46:53","guid":{"rendered":"https:\/\/www.sistemagestaoescolar.com.br\/blogbravo\/?p=2446"},"modified":"2025-12-05T09:50:05","modified_gmt":"2025-12-05T12:50:05","slug":"ata-de-resultado-final","status":"publish","type":"post","link":"https:\/\/www.sistemagestaoescolar.com.br\/blogbravo\/arquivos\/2446","title":{"rendered":"Ata de Resultado Final"},"content":{"rendered":"\n<h1 class=\"wp-block-heading\"><strong>Ata de Resultado Final: Cuidados e Verifica\u00e7\u00f5es Essenciais<\/strong><\/h1>\n\n\n\n<p>Na etapa de finaliza\u00e7\u00e3o do ano letivo, a <strong>Ata de Resultado Final<\/strong> se destaca como um documento crucial, consolidando o desempenho e os resultados dos alunos. Por sua relev\u00e2ncia, \u00e9 essencial adotar cuidados espec\u00edficos para garantir que todas as informa\u00e7\u00f5es estejam completas e corretas. Abaixo, apresentamos orienta\u00e7\u00f5es detalhadas para o gerenciamento e a impress\u00e3o desse documento.<\/p>\n\n\n\n<hr class=\"wp-block-separator has-alpha-channel-opacity\"\/>\n\n\n\n<h2 class=\"wp-block-heading\"><strong>O que \u00e9 a Ata de Resultado Final?<\/strong><\/h2>\n\n\n\n<p>A Ata de Resultado Final \u00e9 gerada por turma e re\u00fane as informa\u00e7\u00f5es de todos os alunos, incluindo seus rendimentos. Suas caracter\u00edsticas podem variar conforme o segmento educacional e as configura\u00e7\u00f5es definidas pelo munic\u00edpio, sendo adaptada \u00e0s particularidades de cada etapa de ensino.<\/p>\n\n\n\n<figure class=\"wp-block-image size-large\"><img decoding=\"async\" loading=\"lazy\" width=\"1024\" height=\"781\" src=\"https:\/\/www.sistemagestaoescolar.com.br\/blogbravo\/wp-content\/uploads\/2024\/11\/image-7-1024x781.png\" alt=\"\" class=\"wp-image-2448\" srcset=\"https:\/\/www.sistemagestaoescolar.com.br\/blogbravo\/wp-content\/uploads\/2024\/11\/image-7-1024x781.png 1024w, https:\/\/www.sistemagestaoescolar.com.br\/blogbravo\/wp-content\/uploads\/2024\/11\/image-7-300x229.png 300w, https:\/\/www.sistemagestaoescolar.com.br\/blogbravo\/wp-content\/uploads\/2024\/11\/image-7-768x586.png 768w, https:\/\/www.sistemagestaoescolar.com.br\/blogbravo\/wp-content\/uploads\/2024\/11\/image-7.png 1164w\" sizes=\"(max-width: 1024px) 100vw, 1024px\" \/><\/figure>\n\n\n\n<hr class=\"wp-block-separator has-alpha-channel-opacity\"\/>\n\n\n\n<h2 class=\"wp-block-heading\"><strong>Caracter\u00edsticas por Segmento Educacional<\/strong><\/h2>\n\n\n\n<h3 class=\"wp-block-heading\"><strong>1. Turma &#8211; Educa\u00e7\u00e3o Infantil<\/strong><\/h3>\n\n\n\n<ul>\n<li><strong>Sem reprova\u00e7\u00e3o:<\/strong> Os alunos n\u00e3o s\u00e3o reprovados, desde que a frequ\u00eancia esteja regular.<\/li>\n\n\n\n<li><strong>Resultados finais:<\/strong> Identifica alunos aprovados, desistentes, ou em outras situa\u00e7\u00f5es espec\u00edficas.<\/li>\n\n\n\n<li><strong>Conceitos e desempenho:<\/strong> Em alguns casos, \u00e9 utilizado um conceito para representar o rendimento observado ao longo do ano.<\/li>\n\n\n\n<li><strong>Configura\u00e7\u00e3o:<\/strong> Simples, mas deve seguir o modelo padr\u00e3o adotado por todas as escolas do munic\u00edpio.<\/li>\n<\/ul>\n\n\n\n<hr class=\"wp-block-separator has-alpha-channel-opacity\"\/>\n\n\n\n<h3 class=\"wp-block-heading\"><strong>2. Turma &#8211; Fundamental I<\/strong><\/h3>\n\n\n\n<ul>\n<li><strong>Avalia\u00e7\u00e3o por conceitos ou notas:<\/strong> Alguns munic\u00edpios utilizam conceitos at\u00e9 o 2\u00ba ano, enquanto outros mant\u00eam notas do 1\u00ba ao 5\u00ba ano.<\/li>\n\n\n\n<li><strong>C\u00e1lculo de aprova\u00e7\u00e3o:<\/strong> Para turmas que utilizam notas, o c\u00e1lculo \u00e9 realizado automaticamente com base nos dados inseridos.<\/li>\n\n\n\n<li><strong>Cuidados:<\/strong> Verifique se todas as informa\u00e7\u00f5es foram corretamente registradas e consolidadas no sistema.<\/li>\n<\/ul>\n\n\n\n<hr class=\"wp-block-separator has-alpha-channel-opacity\"\/>\n\n\n\n<h3 class=\"wp-block-heading\"><strong>3. Turma &#8211; Fundamental II e EJA<\/strong><\/h3>\n\n\n\n<ul>\n<li><strong>Avalia\u00e7\u00e3o por notas e\/ou conceitos:<\/strong> \u00c9 necess\u00e1rio um acompanhamento atento do coordenador pedag\u00f3gico para garantir o fechamento correto das notas.<\/li>\n\n\n\n<li><strong>Corre\u00e7\u00e3o de notas:<\/strong> Caso uma nota fechada seja alterada, o bot\u00e3o &#8220;Corrigir&#8221; deve ser utilizado para atualizar a informa\u00e7\u00e3o no sistema.<\/li>\n\n\n\n<li><strong>Fechamento:<\/strong> A aba &#8220;Fechamento&#8221; consolida todas as notas e conceitos, que ser\u00e3o apresentados na ata final.<\/li>\n\n\n\n<li><strong>Conceitos:<\/strong> Para munic\u00edpios que utilizam conceitos, basta inseri-los por unidade e adicionar o conceito final do aluno.<\/li>\n<\/ul>\n\n\n\n<hr class=\"wp-block-separator has-alpha-channel-opacity\"\/>\n\n\n\n<h3 class=\"wp-block-heading\"><strong>4. Turma &#8211; Multisseriada<\/strong><\/h3>\n\n\n\n<ul>\n<li><strong>Alunos de diferentes etapas:<\/strong> Turmas multisseriadas podem incluir alunos de modalidades distintas, como Educa\u00e7\u00e3o Infantil e Fundamental, na mesma turma.<\/li>\n\n\n\n<li><strong>Adapta\u00e7\u00e3o da ata:<\/strong> Quando necess\u00e1rio, a ata \u00e9 ajustada para incluir informa\u00e7\u00f5es de diferentes etapas.<\/li>\n\n\n\n<li><strong>Configura\u00e7\u00e3o:<\/strong> Segue o modelo padr\u00e3o do Fundamental, com adapta\u00e7\u00f5es apenas quando h\u00e1 alunos de modalidades distintas.<\/li>\n<\/ul>\n\n\n\n<hr class=\"wp-block-separator has-alpha-channel-opacity\"\/>\n\n\n\n<h2 class=\"wp-block-heading\"><strong>Dicas para Gerenciamento Eficiente da Ata de Resultado Final<\/strong><\/h2>\n\n\n\n<ol>\n<li><strong>Acompanhe durante o ano:<\/strong> Monitore a inser\u00e7\u00e3o de notas, conceitos e frequ\u00eancia ao longo das Unidades\/Bimestres\/Trimestres.<\/li>\n\n\n\n<li><strong>Corrija diverg\u00eancias:<\/strong> Realize as interven\u00e7\u00f5es necess\u00e1rias junto aos professores sempre que identificar inconsist\u00eancias.<\/li>\n\n\n\n<li><strong>Revise antes de finalizar:<\/strong> Certifique-se de que todos os registros est\u00e3o completos antes de gerar a ata final.<\/li>\n\n\n\n<li><strong>Entenda os indicadores:<\/strong> Notas ou conceitos ausentes aparecer\u00e3o como &#8220;NI&#8221; (N\u00e3o Informado). Garanta que essas informa\u00e7\u00f5es sejam preenchidas.<\/li>\n<\/ol>\n\n\n\n<hr class=\"wp-block-separator has-alpha-channel-opacity\"\/>\n\n\n\n<h2 class=\"wp-block-heading\"><strong>Conclus\u00e3o<\/strong><\/h2>\n\n\n\n<p>A <strong>Ata de Resultado Final<\/strong> \u00e9 um documento essencial para o encerramento do ano letivo, consolidando informa\u00e7\u00f5es que refletem o desempenho dos alunos e a qualidade do trabalho pedag\u00f3gico. Com o suporte do SGE Bravo!, os gestores e professores contam com ferramentas que asseguram um gerenciamento eficiente e uma emiss\u00e3o precisa desse documento, contribuindo para uma gest\u00e3o educacional mais organizada e transparente.<\/p>\n","protected":false},"excerpt":{"rendered":"<p>Ata de Resultado Final: Cuidados e Verifica\u00e7\u00f5es Essenciais Na etapa de finaliza\u00e7\u00e3o do ano letivo, a Ata de Resultado Final se destaca como um documento crucial, consolidando o desempenho e os resultados dos alunos. Por sua relev\u00e2ncia, \u00e9 essencial adotar cuidados espec\u00edficos para garantir que todas as informa\u00e7\u00f5es estejam completas e corretas. Abaixo, apresentamos orienta\u00e7\u00f5es [&hellip;]<\/p>\n","protected":false},"author":2,"featured_media":0,"comment_status":"closed","ping_status":"open","sticky":false,"template":"","format":"standard","meta":[],"categories":[28],"tags":[],"_links":{"self":[{"href":"https:\/\/www.sistemagestaoescolar.com.br\/blogbravo\/wp-json\/wp\/v2\/posts\/2446"}],"collection":[{"href":"https:\/\/www.sistemagestaoescolar.com.br\/blogbravo\/wp-json\/wp\/v2\/posts"}],"about":[{"href":"https:\/\/www.sistemagestaoescolar.com.br\/blogbravo\/wp-json\/wp\/v2\/types\/post"}],"author":[{"embeddable":true,"href":"https:\/\/www.sistemagestaoescolar.com.br\/blogbravo\/wp-json\/wp\/v2\/users\/2"}],"replies":[{"embeddable":true,"href":"https:\/\/www.sistemagestaoescolar.com.br\/blogbravo\/wp-json\/wp\/v2\/comments?post=2446"}],"version-history":[{"count":1,"href":"https:\/\/www.sistemagestaoescolar.com.br\/blogbravo\/wp-json\/wp\/v2\/posts\/2446\/revisions"}],"predecessor-version":[{"id":2449,"href":"https:\/\/www.sistemagestaoescolar.com.br\/blogbravo\/wp-json\/wp\/v2\/posts\/2446\/revisions\/2449"}],"wp:attachment":[{"href":"https:\/\/www.sistemagestaoescolar.com.br\/blogbravo\/wp-json\/wp\/v2\/media?parent=2446"}],"wp:term":[{"taxonomy":"category","embeddable":true,"href":"https:\/\/www.sistemagestaoescolar.com.br\/blogbravo\/wp-json\/wp\/v2\/categories?post=2446"},{"taxonomy":"post_tag","embeddable":true,"href":"https:\/\/www.sistemagestaoescolar.com.br\/blogbravo\/wp-json\/wp\/v2\/tags?post=2446"}],"curies":[{"name":"wp","href":"https:\/\/api.w.org\/{rel}","templated":true}]}}